{"id":1018,"date":"2018-08-19T10:30:18","date_gmt":"2018-08-19T09:30:18","guid":{"rendered":"https:\/\/heidenstammtisch-trier.de\/?p=1018"},"modified":"2018-08-19T10:30:18","modified_gmt":"2018-08-19T09:30:18","slug":"sommerfest-2018","status":"publish","type":"post","link":"https:\/\/heidenstammtisch-trier.de\/treverer\/2018\/08\/19\/sommerfest-2018\/","title":{"rendered":"Sommerfest 2018"},"content":{"rendered":"<p><a href=\"https:\/\/heidenstammtisch-trier.de\/treverer\/wp-content\/uploads\/2018\/08\/IMG-20180818-WA0009.jpg\"><img loading=\"lazy\" decoding=\"async\" class=\"alignnone size-medium wp-image-989\" src=\"https:\/\/heidenstammtisch-trier.de\/treverer\/wp-content\/uploads\/2018\/08\/IMG-20180818-WA0009-225x300.jpg\" alt=\"\" width=\"225\" height=\"300\" \/><\/a> <a href=\"https:\/\/heidenstammtisch-trier.de\/treverer\/wp-content\/uploads\/2018\/06\/246226715_138461.jpg\"><img loading=\"lazy\" decoding=\"async\" class=\"alignnone size-medium wp-image-971\" src=\"https:\/\/heidenstammtisch-trier.de\/treverer\/wp-content\/uploads\/2018\/06\/246226715_138461-300x169.jpg\" alt=\"\" width=\"300\" height=\"169\" \/><\/a><\/p>\n<p>Am Samstag, den 18.08.2018 feierten wir bei tollem Wetter unser Sommerfest. Da wir aus organisatorischen Gr\u00fcnden dieses Jahr Mittsommer nicht feiern konnten freuten wir uns alle schon sehr auf diesen Anlass. Wir trafen uns am Mittag auf dem Platz in der N\u00e4he von Aach.<\/p>\n<p><a href=\"https:\/\/heidenstammtisch-trier.de\/treverer\/wp-content\/uploads\/2018\/08\/IMG-20180818-WA0025-2.jpg\"><img loading=\"lazy\" decoding=\"async\" class=\"alignnone size-medium wp-image-999\" src=\"https:\/\/heidenstammtisch-trier.de\/treverer\/wp-content\/uploads\/2018\/08\/IMG-20180818-WA0025-2-225x300.jpg\" alt=\"\" width=\"225\" height=\"300\" \/><\/a> <a href=\"https:\/\/heidenstammtisch-trier.de\/treverer\/wp-content\/uploads\/2018\/08\/IMG-20180818-WA0035.jpg\"><img loading=\"lazy\" decoding=\"async\" class=\"alignnone size-medium wp-image-1005\" src=\"https:\/\/heidenstammtisch-trier.de\/treverer\/wp-content\/uploads\/2018\/08\/IMG-20180818-WA0035-225x300.jpg\" alt=\"\" width=\"225\" height=\"300\" \/><\/a><\/p>\n<p>Als ersten Programmpunkt erz\u00e4hlte Amalar etwas \u00fcber Traumreisen. Das wurde dann auch gleich umgesetzt und in Zweiergruppen f\u00fchrte man sich gegenseitig durch die Tagtr\u00e4ume. Dazu suchte sich die Gruppe ein sch\u00f6nes Pl\u00e4tzchen etwas abgelegen vom Bl\u00f3tplatz.<\/p>\n<p><a href=\"https:\/\/heidenstammtisch-trier.de\/treverer\/wp-content\/uploads\/2018\/08\/2018-08-18-15.51.55.jpg\"><img loading=\"lazy\" decoding=\"async\" class=\"alignnone size-medium wp-image-1013\" src=\"https:\/\/heidenstammtisch-trier.de\/treverer\/wp-content\/uploads\/2018\/08\/2018-08-18-15.51.55-300x225.jpg\" alt=\"\" width=\"300\" height=\"225\" \/><\/a><\/p>\n<p>Gleichzeitig wurde das Ritual vorbereitet und der Altar geschm\u00fcckt.<\/p>\n<p><a href=\"https:\/\/heidenstammtisch-trier.de\/treverer\/wp-content\/uploads\/2018\/08\/IMG-20180818-WA0007.jpg\"><img loading=\"lazy\" decoding=\"async\" class=\"alignnone size-medium wp-image-988\" src=\"https:\/\/heidenstammtisch-trier.de\/treverer\/wp-content\/uploads\/2018\/08\/IMG-20180818-WA0007-300x225.jpg\" alt=\"\" width=\"300\" height=\"225\" \/><\/a><\/p>\n<p><a href=\"https:\/\/heidenstammtisch-trier.de\/treverer\/wp-content\/uploads\/2018\/08\/2018-08-18-17.02.45.jpg\"><img loading=\"lazy\" decoding=\"async\" class=\"alignnone size-medium wp-image-1016\" src=\"https:\/\/heidenstammtisch-trier.de\/treverer\/wp-content\/uploads\/2018\/08\/2018-08-18-17.02.45-300x225.jpg\" alt=\"\" width=\"300\" height=\"225\" \/><\/a> <a href=\"https:\/\/heidenstammtisch-trier.de\/treverer\/wp-content\/uploads\/2018\/08\/2018-08-18-17.02.36.jpg\"><img loading=\"lazy\" decoding=\"async\" class=\"alignnone size-medium wp-image-1015\" src=\"https:\/\/heidenstammtisch-trier.de\/treverer\/wp-content\/uploads\/2018\/08\/2018-08-18-17.02.36-300x225.jpg\" alt=\"\" width=\"300\" height=\"225\" \/><\/a> <a href=\"https:\/\/heidenstammtisch-trier.de\/treverer\/wp-content\/uploads\/2018\/08\/2018-08-18-15.48.53.jpg\"><img loading=\"lazy\" decoding=\"async\" class=\"alignnone size-medium wp-image-1012\" src=\"https:\/\/heidenstammtisch-trier.de\/treverer\/wp-content\/uploads\/2018\/08\/2018-08-18-15.48.53-300x225.jpg\" alt=\"\" width=\"300\" height=\"225\" \/><\/a> <a href=\"https:\/\/heidenstammtisch-trier.de\/treverer\/wp-content\/uploads\/2018\/08\/2018-08-18-17.02.30.jpg\"><img loading=\"lazy\" decoding=\"async\" class=\"alignnone size-medium wp-image-1014\" src=\"https:\/\/heidenstammtisch-trier.de\/treverer\/wp-content\/uploads\/2018\/08\/2018-08-18-17.02.30-300x225.jpg\" alt=\"\" width=\"300\" height=\"225\" \/><\/a> <a href=\"https:\/\/heidenstammtisch-trier.de\/treverer\/wp-content\/uploads\/2018\/08\/2018-08-18-15.48.39.jpg\"><img loading=\"lazy\" decoding=\"async\" class=\"alignnone size-medium wp-image-1011\" src=\"https:\/\/heidenstammtisch-trier.de\/treverer\/wp-content\/uploads\/2018\/08\/2018-08-18-15.48.39-300x225.jpg\" alt=\"\" width=\"300\" height=\"225\" \/><\/a> <a href=\"https:\/\/heidenstammtisch-trier.de\/treverer\/wp-content\/uploads\/2018\/08\/2018-08-18-15.48.20.jpg\"><img loading=\"lazy\" decoding=\"async\" class=\"alignnone size-medium wp-image-1010\" src=\"https:\/\/heidenstammtisch-trier.de\/treverer\/wp-content\/uploads\/2018\/08\/2018-08-18-15.48.20-300x225.jpg\" alt=\"\" width=\"300\" height=\"225\" \/><\/a> <a href=\"https:\/\/heidenstammtisch-trier.de\/treverer\/wp-content\/uploads\/2018\/08\/2018-08-18-15.48.30.jpg\"><img loading=\"lazy\" decoding=\"async\" class=\"alignnone size-medium wp-image-1009\" src=\"https:\/\/heidenstammtisch-trier.de\/treverer\/wp-content\/uploads\/2018\/08\/2018-08-18-15.48.30-300x225.jpg\" alt=\"\" width=\"300\" height=\"225\" \/><\/a><\/p>\n<p>&nbsp;<\/p>\n<p>Als die Teilnehmer mit der Tagtraumreise fertig waren, wurde das Ritual kurz besprochen, da auch einige Neue anwesend waren.<\/p>\n<p><a href=\"https:\/\/heidenstammtisch-trier.de\/treverer\/wp-content\/uploads\/2018\/08\/IMG-20180818-WA0014.jpg\"><img loading=\"lazy\" decoding=\"async\" class=\"alignnone size-medium wp-image-992\" src=\"https:\/\/heidenstammtisch-trier.de\/treverer\/wp-content\/uploads\/2018\/08\/IMG-20180818-WA0014-225x300.jpg\" alt=\"\" width=\"225\" height=\"300\" \/><\/a><\/p>\n<p>Kurze Zeit sp\u00e4ter hielten wir dann auch ein stimmiges und sch\u00f6nes Bl\u00f3t.<\/p>\n<p><a href=\"https:\/\/heidenstammtisch-trier.de\/treverer\/wp-content\/uploads\/2018\/08\/IMG-20180818-WA0013.jpg\"><img loading=\"lazy\" decoding=\"async\" class=\"alignnone size-medium wp-image-991\" src=\"https:\/\/heidenstammtisch-trier.de\/treverer\/wp-content\/uploads\/2018\/08\/IMG-20180818-WA0013-225x300.jpg\" alt=\"\" width=\"225\" height=\"300\" \/><\/a> <a href=\"https:\/\/heidenstammtisch-trier.de\/treverer\/wp-content\/uploads\/2018\/08\/IMG-20180818-WA0018.jpg\"><img loading=\"lazy\" decoding=\"async\" class=\"alignnone size-medium wp-image-994\" src=\"https:\/\/heidenstammtisch-trier.de\/treverer\/wp-content\/uploads\/2018\/08\/IMG-20180818-WA0018-225x300.jpg\" alt=\"\" width=\"225\" height=\"300\" \/><\/a><\/p>\n<p>Wie immer wurde der Platz mit der Nemetonaweihe dreimal abgelaufen, gefolgt von der Hammerweihe.<\/p>\n<p>Nach der Feuerweihe luden wir die G\u00f6tter und Ahnen zu unserem Fest ein und teilten schlie\u00dflich die Iduna und Wodan geweihten Tr\u00e4nke und Speisen mit ihnen.<\/p>\n<p>Das Herzst\u00fcck eines jeden Rituals, das Sumbel, folgte nun. Nach f\u00fcnf Runden beendeten wir das Sumbel und wir speisten zusammen im geselligen Miteinander.<\/p>\n<p><a href=\"https:\/\/heidenstammtisch-trier.de\/treverer\/wp-content\/uploads\/2018\/08\/IMG-20180818-WA0019.jpg\"><img loading=\"lazy\" decoding=\"async\" class=\"alignnone size-medium wp-image-993\" src=\"https:\/\/heidenstammtisch-trier.de\/treverer\/wp-content\/uploads\/2018\/08\/IMG-20180818-WA0019-300x225.jpg\" alt=\"\" width=\"300\" height=\"225\" \/><\/a><a href=\"https:\/\/heidenstammtisch-trier.de\/treverer\/wp-content\/uploads\/2018\/08\/IMG-20180818-WA0006-2.jpg\"><img loading=\"lazy\" decoding=\"async\" class=\"alignnone size-medium wp-image-1020\" src=\"https:\/\/heidenstammtisch-trier.de\/treverer\/wp-content\/uploads\/2018\/08\/IMG-20180818-WA0006-2-300x225.jpg\" alt=\"\" width=\"300\" height=\"225\" \/><\/a><\/p>\n<p>Als besonderes Highlight schlossen wir den Tag mit Bogenschie\u00dfen ab! Didier brachte einen Bogen, Pfeile sowie eine Zielscheibe mit und wir konnten unsere Fertigkeiten in dieser Disziplin verfeinern.<\/p>\n<p><a href=\"https:\/\/heidenstammtisch-trier.de\/treverer\/wp-content\/uploads\/2018\/08\/2018-08-18-19.26.10.jpg\"><img loading=\"lazy\" decoding=\"async\" class=\"alignnone size-medium wp-image-1017\" src=\"https:\/\/heidenstammtisch-trier.de\/treverer\/wp-content\/uploads\/2018\/08\/2018-08-18-19.26.10-300x225.jpg\" alt=\"\" width=\"300\" height=\"225\" \/><\/a><a href=\"https:\/\/heidenstammtisch-trier.de\/treverer\/wp-content\/uploads\/2018\/08\/IMG-20180818-WA0032-2.jpg\"><img loading=\"lazy\" decoding=\"async\" class=\"alignnone size-medium wp-image-1004\" src=\"https:\/\/heidenstammtisch-trier.de\/treverer\/wp-content\/uploads\/2018\/08\/IMG-20180818-WA0032-2-225x300.jpg\" alt=\"\" width=\"225\" height=\"300\" \/><\/a> <a href=\"https:\/\/heidenstammtisch-trier.de\/treverer\/wp-content\/uploads\/2018\/08\/IMG-20180818-WA0027.jpg\"><img loading=\"lazy\" decoding=\"async\" class=\"alignnone size-medium wp-image-1001\" src=\"https:\/\/heidenstammtisch-trier.de\/treverer\/wp-content\/uploads\/2018\/08\/IMG-20180818-WA0027-225x300.jpg\" alt=\"\" width=\"225\" height=\"300\" \/><\/a> <a href=\"https:\/\/heidenstammtisch-trier.de\/treverer\/wp-content\/uploads\/2018\/08\/IMG-20180818-WA0024.jpg\"><img loading=\"lazy\" decoding=\"async\" class=\"alignnone size-medium wp-image-997\" src=\"https:\/\/heidenstammtisch-trier.de\/treverer\/wp-content\/uploads\/2018\/08\/IMG-20180818-WA0024-225x300.jpg\" alt=\"\" width=\"225\" height=\"300\" \/><\/a> <a href=\"https:\/\/heidenstammtisch-trier.de\/treverer\/wp-content\/uploads\/2018\/08\/IMG-20180818-WA0028.jpg\"><img loading=\"lazy\" decoding=\"async\" class=\"alignnone size-medium wp-image-1002\" src=\"https:\/\/heidenstammtisch-trier.de\/treverer\/wp-content\/uploads\/2018\/08\/IMG-20180818-WA0028-300x225.jpg\" alt=\"\" width=\"300\" height=\"225\" \/><\/a><\/p>\n<p>Es war ein toller Tag, der sicher allen in Erinnerung bleiben wird, mit interessantem Programm, leckerem Essen, einem stimmigen Bl\u00f3t und optimalem Wetter. Ich danke allen Teilnehmern f\u00fcr diesen gelungenen Tag!<\/p>\n<p>&nbsp;<\/p>\n<p>&nbsp;<\/p>\n<p>&nbsp;<\/p>\n","protected":false},"excerpt":{"rendered":"<p>Am Samstag, den 18.08.2018 feierten wir bei tollem Wetter unser Sommerfest. Da wir aus organisatorischen Gr\u00fcnden dieses Jahr Mittsommer nicht feiern konnten freuten wir uns alle schon sehr auf diesen Anlass. Wir trafen uns am Mittag auf dem Platz in der N\u00e4he von Aach. Als ersten Programmpunkt erz\u00e4hlte Amalar etwas \u00fcber Traumreisen. Das wurde dann &hellip; <a href=\"https:\/\/heidenstammtisch-trier.de\/treverer\/2018\/08\/19\/sommerfest-2018\/\" class=\"more-link\"><span class=\"screen-reader-text\">Sommerfest 2018<\/span> weiterlesen <span class=\"meta-nav\">&rarr;<\/span><\/a><\/p>\n","protected":false},"author":1,"featured_media":1015,"comment_status":"closed","ping_status":"open","sticky":false,"template":"","format":"standard","meta":{"footnotes":""},"categories":[2,9],"tags":[],"class_list":["post-1018","post","type-post","status-publish","format-standard","has-post-thumbnail","hentry","category-blotberichte","category-veranstaltungen"],"_links":{"self":[{"href":"https:\/\/heidenstammtisch-trier.de\/treverer\/wp-json\/wp\/v2\/posts\/1018","targetHints":{"allow":["GET"]}}],"collection":[{"href":"https:\/\/heidenstammtisch-trier.de\/treverer\/wp-json\/wp\/v2\/posts"}],"about":[{"href":"https:\/\/heidenstammtisch-trier.de\/treverer\/wp-json\/wp\/v2\/types\/post"}],"author":[{"embeddable":true,"href":"https:\/\/heidenstammtisch-trier.de\/treverer\/wp-json\/wp\/v2\/users\/1"}],"replies":[{"embeddable":true,"href":"https:\/\/heidenstammtisch-trier.de\/treverer\/wp-json\/wp\/v2\/comments?post=1018"}],"version-history":[{"count":0,"href":"https:\/\/heidenstammtisch-trier.de\/treverer\/wp-json\/wp\/v2\/posts\/1018\/revisions"}],"wp:featuredmedia":[{"embeddable":true,"href":"https:\/\/heidenstammtisch-trier.de\/treverer\/wp-json\/wp\/v2\/media\/1015"}],"wp:attachment":[{"href":"https:\/\/heidenstammtisch-trier.de\/treverer\/wp-json\/wp\/v2\/media?parent=1018"}],"wp:term":[{"taxonomy":"category","embeddable":true,"href":"https:\/\/heidenstammtisch-trier.de\/treverer\/wp-json\/wp\/v2\/categories?post=1018"},{"taxonomy":"post_tag","embeddable":true,"href":"https:\/\/heidenstammtisch-trier.de\/treverer\/wp-json\/wp\/v2\/tags?post=1018"}],"curies":[{"name":"wp","href":"https:\/\/api.w.org\/{rel}","templated":true}]}}