{"id":1027,"date":"2018-09-24T09:21:31","date_gmt":"2018-09-24T08:21:31","guid":{"rendered":"https:\/\/heidenstammtisch-trier.de\/?p=1027"},"modified":"2018-09-24T09:21:31","modified_gmt":"2018-09-24T08:21:31","slug":"der-heidenstammtisch-trier-wird-fuenf","status":"publish","type":"post","link":"https:\/\/heidenstammtisch-trier.de\/treverer\/2018\/09\/24\/der-heidenstammtisch-trier-wird-fuenf\/","title":{"rendered":"Der Heidenstammtisch Trier wird f\u00fcnf!!"},"content":{"rendered":"<p>Liebe Mitglieder und Freunde des Heidenstammtisches Trier,<\/p>\n<p>in wenigen Tagen wird der Heidenstammtisch Trier stolze f\u00fcnf Jahre alt.<\/p>\n<p>F\u00fcnf Jahre in denen wir viel erreicht haben. In Eifel, Hunsr\u00fcck, Moseltal, Saarland und Luxemburg sind wir der erste Ansprechpartner und die Anlaufstelle f\u00fcr Heiden in der Region geworden. Durch die gemeinn\u00fctzigen Vereine Eldaring e. V. und Celtoi e. V. sind wir in der heidnischen Vereinslandschaft gut vernetzt und pflegen gute Kontakte zu anderen Stammtischen mit oder ohne Vereinshintergrund. Was sich auch immer wieder in Einladungen zu Veranstaltungen und gemeinsamen Festen mit anderen Stammtischen zeigt. Insgesamt ist es uns gelungen zu einer festen Gr\u00f6\u00dfe in der deutschen Heidenlandschaft heranzuwachsen.<\/p>\n<p>Unsere Homepage ist gut frequentiert und gemeinsam mit der Facebook-Seite wurden in der Vergangenheit auch gelegentlich Inhalte ver\u00f6ffentlicht die in der deutschen Heidenszene f\u00fcr Wirbel und Diskussionen gesorgt haben. Es gab zu unseren Stellungnahmen und Blogbeitr\u00e4gen viel positives Feedback und bei manchen Themen hat der Heidenstammtisch Trier polarisiert. Wir waren dabei immer bem\u00fcht, die zugrunde liegende Sachlage sachlich und ohne unn\u00f6tige Polemik vom eigenen Standpunkt aus zu bewerten und unseren Standpunkt hervorzuheben.<\/p>\n<p>Unser Augenmerk nach au\u00dfen ist schwerpunktm\u00e4\u00dfig darauf gerichtet ein positives Bild vom Heidentum zu vermitteln. Wir wollen zeigen was wir machen um Vorurteile oder Hemmnisse uns als Heiden gegen\u00fcber abzubauen. Wir m\u00f6chten auch zeigen, dass wir \u201enormale\u201c Menschen aus der Mitte der Gesellschaft sind und keine \u201eEso-Spinner\u201c oder \u00d6ko-Freaks.<\/p>\n<p>Genauso wenig sind wir Nazis, \u201eRechts\u201c oder Rassisten. Solche Einzelpersonen oder Gruppierungen, welche sich auch Heiden nennen, gibt es. Da gilt es sich als Heidengruppe deutlich und wiederholt abzugrenzen und aufzukl\u00e4ren. Wir als Heidenstammtisch Trier stehen f\u00fcr das inklusive Heidentum \u2013 jeder kann Heide und Mitglied unserer Gruppe sein, egal welcher Herkunft, Hautfarbe, Geschlecht oder sexueller Orientierung. Das ist die elementare Aussage unseres Selbstverst\u00e4ndnisses. Und die Anerkennung dieses Selbstverst\u00e4ndnisses ist so ziemlich die einzige und vor allem wichtigste Voraussetzung zur Teilnahme an unseren Stammtischen, Veranstaltungen oder der Vernetzung und Zusammenarbeit mit uns.<\/p>\n<p>In diesen f\u00fcnf Jahren, dem halben Jahrzehnt, haben wir viele Kontakte und Freundschaften geschlossen. Viele Menschen haben an unseren Stammtischen und Ritualen teilgenommen. Viele haben mitgewirkt eigene Veranstaltungen zu planen oder aktiv bei anderen Projekten in der mit uns vernetzten Heidenszene mitgewirkt. Einige sind hin und wieder bei unseren Veranstaltungen und Stammtischen dabei, einige gehen wieder eigene Wege und so mancher ist schon von Anfang an regelm\u00e4\u00dfig dabei. Es gab tolle gemeinsame Erlebnisse, Euphorie, Tatendrang und Kreativit\u00e4t, aber auch mal Konflikte, Streit und einige frustrierende Momente. Wie wahrscheinlich in jeder Gruppe.<\/p>\n<p>Eine funktionierende Gruppe und jeder Einzelne darin muss sich auch immer wieder selbst reflektieren um den selbstgew\u00e4hlten Kriterien und Qualit\u00e4tsmerkmalen des Stammtisches gerecht zu werden, wie z. B. einer angenehmen Gespr\u00e4chs \u2013 und Diskussionskultur, niemanden in einer Diskussion von der vermeintlichen Richtigkeit seiner pers\u00f6nlichen religi\u00f6sen oder spirituellen Ansichten \u00fcberzeugen zu wollen oder \u00e4hnlichem. Meiner Ansicht nach ist das in den f\u00fcnf vergangenen Jahren immer recht gut gelungen.<\/p>\n<p>Jeder Einzelne der in den letzten f\u00fcnf Jahren aktiv beim Stammtisch mitgewirkt hat, hat seine Spuren hinterlassen und geholfen diesen dahin zu bringen wo er jetzt ist. Der Heidenstammtisch wird von jedem Teilnehmer mitgetragen und inspiriert. Jede Idee, jede Motivation, jede Diskussion und jeder Vortrag gestaltet die Gruppe mit.<\/p>\n<p>Ich denke, so kann und so soll es weitergehen, dann werden auch ohne Probleme nochmal mindestens f\u00fcnf weitere Jahre dazukommen!<\/p>\n","protected":false},"excerpt":{"rendered":"<p>Liebe Mitglieder und Freunde des Heidenstammtisches Trier, in wenigen Tagen wird der Heidenstammtisch Trier stolze f\u00fcnf Jahre alt. F\u00fcnf Jahre in denen wir viel erreicht haben. In Eifel, Hunsr\u00fcck, Moseltal, Saarland und Luxemburg sind wir der erste Ansprechpartner und die Anlaufstelle f\u00fcr Heiden in der Region geworden. Durch die gemeinn\u00fctzigen Vereine Eldaring e. V. und &hellip; <a href=\"https:\/\/heidenstammtisch-trier.de\/treverer\/2018\/09\/24\/der-heidenstammtisch-trier-wird-fuenf\/\" class=\"more-link\"><span class=\"screen-reader-text\">Der Heidenstammtisch Trier wird f\u00fcnf!!<\/span> weiterlesen <span class=\"meta-nav\">&rarr;<\/span><\/a><\/p>\n","protected":false},"author":1,"featured_media":1028,"comment_status":"closed","ping_status":"open","sticky":false,"template":"","format":"standard","meta":{"footnotes":""},"categories":[3,10],"tags":[],"class_list":["post-1027","post","type-post","status-publish","format-standard","has-post-thumbnail","hentry","category-grundbegriffe","category-verlautbarungen"],"_links":{"self":[{"href":"https:\/\/heidenstammtisch-trier.de\/treverer\/wp-json\/wp\/v2\/posts\/1027","targetHints":{"allow":["GET"]}}],"collection":[{"href":"https:\/\/heidenstammtisch-trier.de\/treverer\/wp-json\/wp\/v2\/posts"}],"about":[{"href":"https:\/\/heidenstammtisch-trier.de\/treverer\/wp-json\/wp\/v2\/types\/post"}],"author":[{"embeddable":true,"href":"https:\/\/heidenstammtisch-trier.de\/treverer\/wp-json\/wp\/v2\/users\/1"}],"replies":[{"embeddable":true,"href":"https:\/\/heidenstammtisch-trier.de\/treverer\/wp-json\/wp\/v2\/comments?post=1027"}],"version-history":[{"count":0,"href":"https:\/\/heidenstammtisch-trier.de\/treverer\/wp-json\/wp\/v2\/posts\/1027\/revisions"}],"wp:featuredmedia":[{"embeddable":true,"href":"https:\/\/heidenstammtisch-trier.de\/treverer\/wp-json\/wp\/v2\/media\/1028"}],"wp:attachment":[{"href":"https:\/\/heidenstammtisch-trier.de\/treverer\/wp-json\/wp\/v2\/media?parent=1027"}],"wp:term":[{"taxonomy":"category","embeddable":true,"href":"https:\/\/heidenstammtisch-trier.de\/treverer\/wp-json\/wp\/v2\/categories?post=1027"},{"taxonomy":"post_tag","embeddable":true,"href":"https:\/\/heidenstammtisch-trier.de\/treverer\/wp-json\/wp\/v2\/tags?post=1027"}],"curies":[{"name":"wp","href":"https:\/\/api.w.org\/{rel}","templated":true}]}}