{"id":1075,"date":"2019-04-05T14:23:55","date_gmt":"2019-04-05T13:23:55","guid":{"rendered":"https:\/\/heidenstammtisch-trier.de\/?p=1075"},"modified":"2019-04-05T14:23:55","modified_gmt":"2019-04-05T13:23:55","slug":"ostara-in-heidelberg","status":"publish","type":"post","link":"https:\/\/heidenstammtisch-trier.de\/treverer\/2019\/04\/05\/ostara-in-heidelberg\/","title":{"rendered":"Ostara in Heidelberg 2019"},"content":{"rendered":"<p>Am Samstag den 23.03. waren wir wieder nach Heidelberg zum gemeinsamen Ostarafest der Stammtische Rhein-Neckar, Drei Eichen (Darmstadt), Fafnirs Hort (Frankfurt) und einigen anderen Freunden eingeladen. Es war bestes Wetter, strahlender Sonnenschein bei sehr warmen Temparaturen.<br \/>\nWir haben viele bekannte und auch neue Gesichter getroffen. Es wurde sich ausgetauscht, gelacht und gefeiert.<br \/>\nNachdem alle eingetroffen waren, sich begr\u00fc\u00dft haben\u00a0 und der Altar und der Platz geschm\u00fcckt war, wurde zun\u00e4chst eine Kindsweihe, bzw. Namensleite gefeiert. Die Nornen und die G\u00f6tter wurden angerufen um dem Kind Schutz und Segen zu bringen. Der Vater hob das Kind und erkannte es als sein Kind vor uns allen als Zeugen an und gab seiner Tochter ihren Namen. Die Mutter des Kindes erz\u00e4hlte daraufhin etwas \u00fcber den Namen und dessen Bedeutung.<br \/>\nEs folgte eine &#8222;Dornr\u00f6schen-Runde&#8220;; der Vater ging mit dem Kind das Rund ab und jeder im Kreis konnte zu dem Kind sprechen. Sie fand das ganz toll, freute sich und gluckste einen jeden an.<\/p>\n<p><a href=\"https:\/\/heidenstammtisch-trier.de\/treverer\/wp-content\/uploads\/2019\/04\/2019-03-23-11.54.22.jpg\"><img loading=\"lazy\" decoding=\"async\" class=\"alignnone wp-image-1076\" src=\"https:\/\/heidenstammtisch-trier.de\/treverer\/wp-content\/uploads\/2019\/04\/2019-03-23-11.54.22-300x225.jpg\" alt=\"\" width=\"463\" height=\"348\" \/><\/a><\/p>\n<p>Nach einer kurzen Pause folgte nun das Ostara-Bl\u00f3t, das Odrik mit einer eindrucksvollen Hammerweihe begann. Es wurde nun ein stimmiges Fest mit mehreren Intonationen und Liedern, einem Speisopfer in Form eines Brotes und einer Sumbelrunde. Zuletzt wurde ein Tannenzweig, der mit den aufgeschriebenen W\u00fcnschen und Spr\u00fcchen der Teilnehmer best\u00fcckt war, dem Feuer \u00fcbergeben.<\/p>\n<p>Nach dem Bl\u00f3t ging es gesellig weiter und irgendwann mussten auch wir uns wieder auf dem Heimweg machen. Wie immer an dieser Stelle danke ich allen Beteiligten und besonders den Organisatoren dieser Veranstaltung! Es war wieder sch\u00f6n (auch wenn ich mir die Kopfhaut ordentlich in der strammen Fr\u00fchlingssonne verbrannt habe und davon noch einige Tage Spass damit hatte) und ich freue mich schon auf das n\u00e4chste Treffen in diesem Kreis!<\/p>\n","protected":false},"excerpt":{"rendered":"<p>Am Samstag den 23.03. waren wir wieder nach Heidelberg zum gemeinsamen Ostarafest der Stammtische Rhein-Neckar, Drei Eichen (Darmstadt), Fafnirs Hort (Frankfurt) und einigen anderen Freunden eingeladen. Es war bestes Wetter, strahlender Sonnenschein bei sehr warmen Temparaturen. Wir haben viele bekannte und auch neue Gesichter getroffen. Es wurde sich ausgetauscht, gelacht und gefeiert. Nachdem alle eingetroffen &hellip; <a href=\"https:\/\/heidenstammtisch-trier.de\/treverer\/2019\/04\/05\/ostara-in-heidelberg\/\" class=\"more-link\"><span class=\"screen-reader-text\">Ostara in Heidelberg 2019<\/span> weiterlesen <span class=\"meta-nav\">&rarr;<\/span><\/a><\/p>\n","protected":false},"author":1,"featured_media":1076,"comment_status":"closed","ping_status":"open","sticky":false,"template":"","format":"standard","meta":{"footnotes":""},"categories":[2,8],"tags":[],"class_list":["post-1075","post","type-post","status-publish","format-standard","has-post-thumbnail","hentry","category-blotberichte","category-unterwegs"],"_links":{"self":[{"href":"https:\/\/heidenstammtisch-trier.de\/treverer\/wp-json\/wp\/v2\/posts\/1075","targetHints":{"allow":["GET"]}}],"collection":[{"href":"https:\/\/heidenstammtisch-trier.de\/treverer\/wp-json\/wp\/v2\/posts"}],"about":[{"href":"https:\/\/heidenstammtisch-trier.de\/treverer\/wp-json\/wp\/v2\/types\/post"}],"author":[{"embeddable":true,"href":"https:\/\/heidenstammtisch-trier.de\/treverer\/wp-json\/wp\/v2\/users\/1"}],"replies":[{"embeddable":true,"href":"https:\/\/heidenstammtisch-trier.de\/treverer\/wp-json\/wp\/v2\/comments?post=1075"}],"version-history":[{"count":0,"href":"https:\/\/heidenstammtisch-trier.de\/treverer\/wp-json\/wp\/v2\/posts\/1075\/revisions"}],"wp:featuredmedia":[{"embeddable":true,"href":"https:\/\/heidenstammtisch-trier.de\/treverer\/wp-json\/wp\/v2\/media\/1076"}],"wp:attachment":[{"href":"https:\/\/heidenstammtisch-trier.de\/treverer\/wp-json\/wp\/v2\/media?parent=1075"}],"wp:term":[{"taxonomy":"category","embeddable":true,"href":"https:\/\/heidenstammtisch-trier.de\/treverer\/wp-json\/wp\/v2\/categories?post=1075"},{"taxonomy":"post_tag","embeddable":true,"href":"https:\/\/heidenstammtisch-trier.de\/treverer\/wp-json\/wp\/v2\/tags?post=1075"}],"curies":[{"name":"wp","href":"https:\/\/api.w.org\/{rel}","templated":true}]}}