{"id":1121,"date":"2019-07-07T11:48:08","date_gmt":"2019-07-07T10:48:08","guid":{"rendered":"https:\/\/heidenstammtisch-trier.de\/?p=1121"},"modified":"2019-07-07T11:48:08","modified_gmt":"2019-07-07T10:48:08","slug":"sommerblot-2019","status":"publish","type":"post","link":"https:\/\/heidenstammtisch-trier.de\/treverer\/2019\/07\/07\/sommerblot-2019\/","title":{"rendered":"Sommerbl\u00f3t 2019"},"content":{"rendered":"<p>Am Samstag dem 06.07.19 haben wir unser Sommerfest gefeiert. Dazu haben wir uns am fr\u00fchen Mittag an unserem Platz nahe Aach getroffen.<\/p>\n<p><a href=\"https:\/\/heidenstammtisch-trier.de\/treverer\/wp-content\/uploads\/2019\/07\/IMG-20190707-WA0024.jpg\"><img loading=\"lazy\" decoding=\"async\" class=\"alignnone size-medium wp-image-1131\" src=\"https:\/\/heidenstammtisch-trier.de\/treverer\/wp-content\/uploads\/2019\/07\/IMG-20190707-WA0024-169x300.jpg\" alt=\"\" width=\"169\" height=\"300\" \/><\/a><\/p>\n<p><em>Der Pfad zum Platz<\/em><\/p>\n<p>Zun\u00e4chst haben wir gemeinsam gegessen. Es wurden verschiedene Salate, Brote, und allerlei Fingerfood mitgebracht. Es wurden der Ablauf besprochen, denn es gab neben dem Bl\u00f3t\u00a0 noch ein paar andere Programmpunkte.<\/p>\n<p>Vor dem Bl\u00f3t f\u00fchrte Amalar die Gruppe\u00a0 in Tag-Traumreisen ein, die anschlie\u00dfend in Partner&#8220;arbeit&#8220; durchgef\u00fchrt wurden.\u00a0 Anders als bei einer gef\u00fchrten Meditation wird hier kein Weg vorgegeben, sondern der Tr\u00e4umende wird durch einfache Fragen wie z. B. &#8222;Was siehst Du?&#8220;, &#8222;Was h\u00f6rst Du?&#8220; etc. gefordert und beschreibt seine Visualisierung.<\/p>\n<p>Dadurch entspannt wurde danach das Bl\u00f3t vorbereitet und der Altar geschm\u00fcckt.<\/p>\n<p><a href=\"https:\/\/heidenstammtisch-trier.de\/treverer\/wp-content\/uploads\/2019\/07\/received_1245939975574815.jpeg\"><img loading=\"lazy\" decoding=\"async\" class=\"alignnone size-medium wp-image-1133\" src=\"https:\/\/heidenstammtisch-trier.de\/treverer\/wp-content\/uploads\/2019\/07\/received_1245939975574815-300x225.jpeg\" alt=\"\" width=\"300\" height=\"225\" \/><\/a> <a href=\"https:\/\/heidenstammtisch-trier.de\/treverer\/wp-content\/uploads\/2019\/07\/received_405492526732349.jpeg\"><img loading=\"lazy\" decoding=\"async\" class=\"alignnone size-medium wp-image-1132\" src=\"https:\/\/heidenstammtisch-trier.de\/treverer\/wp-content\/uploads\/2019\/07\/received_405492526732349-225x300.jpeg\" alt=\"\" width=\"225\" height=\"300\" \/><\/a> <a href=\"https:\/\/heidenstammtisch-trier.de\/treverer\/wp-content\/uploads\/2019\/07\/IMG-20190707-WA0021.jpg\"><img loading=\"lazy\" decoding=\"async\" class=\"alignnone size-medium wp-image-1130\" src=\"https:\/\/heidenstammtisch-trier.de\/treverer\/wp-content\/uploads\/2019\/07\/IMG-20190707-WA0021-169x300.jpg\" alt=\"\" width=\"169\" height=\"300\" \/><\/a> <a href=\"https:\/\/heidenstammtisch-trier.de\/treverer\/wp-content\/uploads\/2019\/07\/IMG-20190707-WA0015.jpg\"><img loading=\"lazy\" decoding=\"async\" class=\"alignnone size-medium wp-image-1129\" src=\"https:\/\/heidenstammtisch-trier.de\/treverer\/wp-content\/uploads\/2019\/07\/IMG-20190707-WA0015-300x169.jpg\" alt=\"\" width=\"300\" height=\"169\" \/><\/a> <a href=\"https:\/\/heidenstammtisch-trier.de\/treverer\/wp-content\/uploads\/2019\/07\/IMG-20190707-WA0012.jpg\"><img loading=\"lazy\" decoding=\"async\" class=\"alignnone size-medium wp-image-1128\" src=\"https:\/\/heidenstammtisch-trier.de\/treverer\/wp-content\/uploads\/2019\/07\/IMG-20190707-WA0012-300x169.jpg\" alt=\"\" width=\"300\" height=\"169\" \/><\/a> <a href=\"https:\/\/heidenstammtisch-trier.de\/treverer\/wp-content\/uploads\/2019\/07\/IMG-20190707-WA0010.jpg\"><img loading=\"lazy\" decoding=\"async\" class=\"alignnone size-medium wp-image-1127\" src=\"https:\/\/heidenstammtisch-trier.de\/treverer\/wp-content\/uploads\/2019\/07\/IMG-20190707-WA0010-300x169.jpg\" alt=\"\" width=\"300\" height=\"169\" \/><\/a> <a href=\"https:\/\/heidenstammtisch-trier.de\/treverer\/wp-content\/uploads\/2019\/07\/IMG_20190706_171126.jpg\"><img loading=\"lazy\" decoding=\"async\" class=\"alignnone size-medium wp-image-1123\" src=\"https:\/\/heidenstammtisch-trier.de\/treverer\/wp-content\/uploads\/2019\/07\/IMG_20190706_171126-300x225.jpg\" alt=\"\" width=\"300\" height=\"225\" \/><\/a> <a href=\"https:\/\/heidenstammtisch-trier.de\/treverer\/wp-content\/uploads\/2019\/07\/IMG_20190706_133412.jpg\"><img loading=\"lazy\" decoding=\"async\" class=\"alignnone size-medium wp-image-1122\" src=\"https:\/\/heidenstammtisch-trier.de\/treverer\/wp-content\/uploads\/2019\/07\/IMG_20190706_133412-300x225.jpg\" alt=\"\" width=\"300\" height=\"225\" \/><\/a><\/p>\n<p>Nachdem der Kreis geschlossen wurde, mit den Worten &#8222;Ich bin hier&#8220;, folgte der dreifache Nemetona-Umgang, denn Erinn intonierte mit rekonstrierten g\u00e4lischen Worten, die frei \u00fcbersetzt &#8222;Nemetona wir rufen Dich&#8220; hei\u00dfen. Nemetona ist die keltische (gallische) G\u00f6ttin und Sch\u00fctzerin der Haine.<\/p>\n<p>Swawa bekr\u00e4ftigte diesen Schutz noch mit der Hammerweihe. Da wir durch die anhaltende Trockenheit und der erh\u00f6hten Waldbrandgefahr kein Feuer machten, stellten wir in die Feuerstelle einen Kessel um unsere Opferungen darin zu sammeln und sie sp\u00e4ter in die Natur zu geben.<\/p>\n<p><a href=\"https:\/\/heidenstammtisch-trier.de\/treverer\/wp-content\/uploads\/2019\/07\/received_2133715280260703.jpeg\"><img loading=\"lazy\" decoding=\"async\" class=\"alignnone size-medium wp-image-1134\" src=\"https:\/\/heidenstammtisch-trier.de\/treverer\/wp-content\/uploads\/2019\/07\/received_2133715280260703-225x300.jpeg\" alt=\"\" width=\"225\" height=\"300\" \/><\/a> <a href=\"https:\/\/heidenstammtisch-trier.de\/treverer\/wp-content\/uploads\/2019\/07\/IMG-20190707-WA0008.jpg\"><img loading=\"lazy\" decoding=\"async\" class=\"alignnone size-medium wp-image-1126\" src=\"https:\/\/heidenstammtisch-trier.de\/treverer\/wp-content\/uploads\/2019\/07\/IMG-20190707-WA0008-169x300.jpg\" alt=\"\" width=\"169\" height=\"300\" \/><\/a><\/p>\n<p>Jetzt wurde das Trink-Horn geweiht. Da wir ja unserer Trierer &#8222;Tradition&#8220; folgend h\u00e4ufig Viez und Apfelsaft statt Met verwenden, erfolgte diese Hornweihe auf Idunna.<\/p>\n<p>Es schloss sich das Speisopfer an und Erinn teilte das von ihr gebackene Brot mit uns den G\u00f6ttern und den Ahnen. W\u00e4hrend wir das Brot a\u00dfen und teilten, rezitierte ich , inspiriert von einem Bl\u00f3t im Rahmen eines vergangenen Eldathings, einen Vers aus dem <a href=\"http:\/\/maerchen.arpa-docs.ch\/SedWEBShowArticle.cgi?Alias=Marchen&amp;ArtNum=5331&amp;DFlags=256\">M\u00fchlenlied<\/a> der Edda:<\/p>\n<pre><em>Wir mahlen Macht,\nWir mahlen Heil,\nWir mahlen Gut\nAuf der G\u00fccksm\u00fchle\nSitz im Reichtum,\nRuh auf Daunen,\nErwach zur Wonne,\nSo mahlten wir wohl!<\/em><\/pre>\n<p>Hiernach gab es noch ein paar indiviuelle Opferungen bevor wir die Sumbelrunden er\u00f6ffneten. Hier gab es nach den drei \u00fcblichen thematisch festgelegten Runden noch einige freie Runden.<\/p>\n<p>Nach dem Sumbel schlossen wir das Bl\u00f3t und bedankten uns f\u00fcr den Schutz. Unser Sommerfest war aber noch nicht zu Ende. Fenris hielt noch einen interessanten Gitarrenworkshop und erkl\u00e4rte und zeigte uns ein paar Akkorde und Spielweisen. Er weckte bei denen die nicht oder nur wenig Gitarre spielen k\u00f6nnen gro\u00dfes Interesse an diesem Musikinstrument.<\/p>\n<p>Ein gemeinsam gesungenes Herdfeuerlied beendete dann am fortgeschrittenen Abend diese sehr gelungene Veranstaltung.<\/p>\n<p><a href=\"https:\/\/heidenstammtisch-trier.de\/treverer\/wp-content\/uploads\/2019\/07\/IMG-20190707-WA0003.jpg\"><img loading=\"lazy\" decoding=\"async\" class=\"alignnone wp-image-1125\" src=\"https:\/\/heidenstammtisch-trier.de\/treverer\/wp-content\/uploads\/2019\/07\/IMG-20190707-WA0003-300x169.jpg\" alt=\"\" width=\"509\" height=\"287\" \/><\/a><\/p>\n<p><em>Gruppenfoto von einem Teil der Anwesenden<\/em><\/p>\n","protected":false},"excerpt":{"rendered":"<p>Am Samstag dem 06.07.19 haben wir unser Sommerfest gefeiert. Dazu haben wir uns am fr\u00fchen Mittag an unserem Platz nahe Aach getroffen. Der Pfad zum Platz Zun\u00e4chst haben wir gemeinsam gegessen. Es wurden verschiedene Salate, Brote, und allerlei Fingerfood mitgebracht. Es wurden der Ablauf besprochen, denn es gab neben dem Bl\u00f3t\u00a0 noch ein paar andere &hellip; <a href=\"https:\/\/heidenstammtisch-trier.de\/treverer\/2019\/07\/07\/sommerblot-2019\/\" class=\"more-link\"><span class=\"screen-reader-text\">Sommerbl\u00f3t 2019<\/span> weiterlesen <span class=\"meta-nav\">&rarr;<\/span><\/a><\/p>\n","protected":false},"author":1,"featured_media":1128,"comment_status":"closed","ping_status":"open","sticky":false,"template":"","format":"standard","meta":{"footnotes":""},"categories":[2],"tags":[],"class_list":["post-1121","post","type-post","status-publish","format-standard","has-post-thumbnail","hentry","category-blotberichte"],"_links":{"self":[{"href":"https:\/\/heidenstammtisch-trier.de\/treverer\/wp-json\/wp\/v2\/posts\/1121","targetHints":{"allow":["GET"]}}],"collection":[{"href":"https:\/\/heidenstammtisch-trier.de\/treverer\/wp-json\/wp\/v2\/posts"}],"about":[{"href":"https:\/\/heidenstammtisch-trier.de\/treverer\/wp-json\/wp\/v2\/types\/post"}],"author":[{"embeddable":true,"href":"https:\/\/heidenstammtisch-trier.de\/treverer\/wp-json\/wp\/v2\/users\/1"}],"replies":[{"embeddable":true,"href":"https:\/\/heidenstammtisch-trier.de\/treverer\/wp-json\/wp\/v2\/comments?post=1121"}],"version-history":[{"count":0,"href":"https:\/\/heidenstammtisch-trier.de\/treverer\/wp-json\/wp\/v2\/posts\/1121\/revisions"}],"wp:featuredmedia":[{"embeddable":true,"href":"https:\/\/heidenstammtisch-trier.de\/treverer\/wp-json\/wp\/v2\/media\/1128"}],"wp:attachment":[{"href":"https:\/\/heidenstammtisch-trier.de\/treverer\/wp-json\/wp\/v2\/media?parent=1121"}],"wp:term":[{"taxonomy":"category","embeddable":true,"href":"https:\/\/heidenstammtisch-trier.de\/treverer\/wp-json\/wp\/v2\/categories?post=1121"},{"taxonomy":"post_tag","embeddable":true,"href":"https:\/\/heidenstammtisch-trier.de\/treverer\/wp-json\/wp\/v2\/tags?post=1121"}],"curies":[{"name":"wp","href":"https:\/\/api.w.org\/{rel}","templated":true}]}}