{"id":114,"date":"2014-10-18T00:00:26","date_gmt":"2014-10-17T22:00:26","guid":{"rendered":"http:\/\/heidenstammtisch-trier.de\/?p=114"},"modified":"2014-10-18T00:00:26","modified_gmt":"2014-10-17T22:00:26","slug":"selbstvorstellung","status":"publish","type":"post","link":"https:\/\/heidenstammtisch-trier.de\/treverer\/2014\/10\/18\/selbstvorstellung\/","title":{"rendered":"\u00dcber uns"},"content":{"rendered":"<div class=\"entry-content\">\n<p>Der Heidenstammtisch Trier ist eine offene Gemeinschaft von Heiden verschiedenster Auspr\u00e4gungen und besteht seit Herbst 2013. Ein gro\u00dfer Teil bezeichnet sich als germanische Heiden (auch \u00c1satr\u00fa oder Alte Sitte) und steht dem Eldaring e.V. nahe. Aufgrunddessen hat die Gruppe in der Tendenz eine germanische Ausrichtung. Allerdings sind auch Kelten (aus dem Celtoi e.V.) und freifliegende Hexen ein fester und nicht wegzudenkender Bestandteil unserer Gemeinschaft. Die Gruppe sowie der Stammtisch sind weder an eine Religion noch einen Verein gebunden. Teilnehmen kann ein Jeder, egal ob er sich Heide, Christ oder Atheist nennt. Ein ernsthaftes Interesse an den vor-\/ nichtchristlichen heidnischen Kulten und Sitten, aber auch der modernen neuheidnischen Str\u00f6mungen sollte Vorraussetzung sein.<\/p>\n<p>Neben den Stammtischen feiert die Gruppe \u00fcber das Jahr verteilt gemeinsame Opferfeste (Bl\u00f3ts). Das germanische Bl\u00f3t ist das Herzst\u00fcck der Alten Sitte in welchem unsere Ahnen und die G\u00f6tter geehrt werden. Aber auch hier ist die Teilnahme nicht beschr\u00e4nkt. Gerne werden auch Elemente anderer heidnischer Str\u00f6mungen integriert um den W\u00fcnschen und Bed\u00fcrfnissen aller Teilnehmer gerecht zu werden.<\/p>\n<p>Das Heidentum ist eine weltoffene und tolerante Religion. F\u00fcr jedweden totalit\u00e4ren oder fundamentalistischen Meinungen oder Praktiken ist dort und auch in unserer heidnischen Gemeinschaft kein Platz. Die Gruppe als solche ist politisch neutral und toleriert keinerlei Mitglieder welche sich nicht zur freiheitlich demokratischen Grundordnung Deutschlands bekennen k\u00f6nnen.<\/p>\n<p><strong>Der Stammtisch<\/strong><\/p>\n<p>Der Stammtisch findet immer monatlich im Restaurant Postillion in der Herzogenbuscher Stra\u00dfe, Trier statt. Die Termine sind unter Woche um 19:00 Uhr. Die Tage werden aber stets neu vereinbart und hier ver\u00f6ffentlicht um wechselnden Arbeitszeiten gerecht zu werden. <span class=\"userContent\" data-ft=\"{&quot;tn&quot;:&quot;K&quot;}\"><span class=\"text_exposed_show\">Wir legen gro\u00dfen Wert auf einen gepflegten Austausch und Diskussionen in angenehmer Atmosph\u00e4re.<\/span><\/span><\/p>\n<p>M\u00f6chtest du einen Stammtisch besuchen, dann gib uns bitte voher kurz Bescheid, damit wir den Platzbedarf vorher mit dem Lokal abstimmen k\u00f6nnen.<\/p>\n<p><strong>Kommunikation<\/strong><\/p>\n<p>Die Gruppe kommuniziert und diskutiert haupts\u00e4chlich \u00fcber eine geschlossene Facebook-Gruppe. Der Erstkontakt ist aber auch \u00fcber das Kontaktformular auf dieser Webseite m\u00f6glich.<\/p>\n<p><strong>Unser Logo<\/strong><\/p>\n<p><img loading=\"lazy\" decoding=\"async\" class=\"alignleft\" src=\"http:\/\/heidenstammtisch-trier.de\/treverer\/wp-content\/uploads\/2014\/10\/Logo_rund.png\" alt=\"\" width=\"200\" height=\"200\" \/><\/p>\n<p>Der Baum steht f\u00fcr das Heidentum als Naturreligion. Die menschliche Gestalt deutet auf die Mitglieder, ihre unterschiedlichen Wurzel, dennoch \u00e4hnlichen Ideale hin. Verwurzelt ist der der Baum in unserer Region, dargestellt durch die Mosel und die H\u00fcgel der Eifel und des Hochwaldes.<\/p>\n<\/div>\n","protected":false},"excerpt":{"rendered":"<p>Der Heidenstammtisch Trier ist eine offene Gemeinschaft von Heiden verschiedenster Auspr\u00e4gungen und besteht seit Herbst 2013. Ein gro\u00dfer Teil bezeichnet sich als germanische Heiden (auch \u00c1satr\u00fa oder Alte Sitte) und steht dem Eldaring e.V. nahe. Aufgrunddessen hat die Gruppe in der Tendenz eine germanische Ausrichtung. Allerdings sind auch Kelten (aus dem Celtoi e.V.) und freifliegende &hellip; <a href=\"https:\/\/heidenstammtisch-trier.de\/treverer\/2014\/10\/18\/selbstvorstellung\/\" class=\"more-link\"><span class=\"screen-reader-text\">\u00dcber uns<\/span> weiterlesen <span class=\"meta-nav\">&rarr;<\/span><\/a><\/p>\n","protected":false},"author":1,"featured_media":0,"comment_status":"closed","ping_status":"open","sticky":false,"template":"","format":"standard","meta":{"footnotes":""},"categories":[11],"tags":[],"class_list":["post-114","post","type-post","status-publish","format-standard","hentry","category-wir-alle-sind-heiden"],"_links":{"self":[{"href":"https:\/\/heidenstammtisch-trier.de\/treverer\/wp-json\/wp\/v2\/posts\/114","targetHints":{"allow":["GET"]}}],"collection":[{"href":"https:\/\/heidenstammtisch-trier.de\/treverer\/wp-json\/wp\/v2\/posts"}],"about":[{"href":"https:\/\/heidenstammtisch-trier.de\/treverer\/wp-json\/wp\/v2\/types\/post"}],"author":[{"embeddable":true,"href":"https:\/\/heidenstammtisch-trier.de\/treverer\/wp-json\/wp\/v2\/users\/1"}],"replies":[{"embeddable":true,"href":"https:\/\/heidenstammtisch-trier.de\/treverer\/wp-json\/wp\/v2\/comments?post=114"}],"version-history":[{"count":0,"href":"https:\/\/heidenstammtisch-trier.de\/treverer\/wp-json\/wp\/v2\/posts\/114\/revisions"}],"wp:attachment":[{"href":"https:\/\/heidenstammtisch-trier.de\/treverer\/wp-json\/wp\/v2\/media?parent=114"}],"wp:term":[{"taxonomy":"category","embeddable":true,"href":"https:\/\/heidenstammtisch-trier.de\/treverer\/wp-json\/wp\/v2\/categories?post=114"},{"taxonomy":"post_tag","embeddable":true,"href":"https:\/\/heidenstammtisch-trier.de\/treverer\/wp-json\/wp\/v2\/tags?post=114"}],"curies":[{"name":"wp","href":"https:\/\/api.w.org\/{rel}","templated":true}]}}