{"id":1170,"date":"2019-09-27T07:34:55","date_gmt":"2019-09-27T06:34:55","guid":{"rendered":"https:\/\/heidenstammtisch-trier.de\/?p=1170"},"modified":"2019-09-27T07:34:55","modified_gmt":"2019-09-27T06:34:55","slug":"herbstblot-von-rheingold-des-eldaring-e-v-in-berkum-2019","status":"publish","type":"post","link":"https:\/\/heidenstammtisch-trier.de\/treverer\/2019\/09\/27\/herbstblot-von-rheingold-des-eldaring-e-v-in-berkum-2019\/","title":{"rendered":"Herbstbl\u00f3t von Rheingold des Eldaring e.V. in Berkum 2019"},"content":{"rendered":"<p><em>Text von Pascale und Richard<\/em><\/p>\n<p>Gegen 19:30 Uhr kamen wir als die Letzten mit einiger Versp\u00e4tung auf dem sch\u00f6nen Grillplatz in Berkum an. Da wir vorher noch f\u00fcr unsere Firma im Kundeneinsatz waren, hatten wir leider das erste Bl\u00f3t verpasst.<\/p>\n<p><a href=\"https:\/\/heidenstammtisch-trier.de\/treverer\/wp-content\/uploads\/2019\/09\/02_Nachmittagsblot_Altar.jpg\"><img loading=\"lazy\" decoding=\"async\" class=\"alignnone size-medium wp-image-1167\" src=\"https:\/\/heidenstammtisch-trier.de\/treverer\/wp-content\/uploads\/2019\/09\/02_Nachmittagsblot_Altar-300x225.jpg\" alt=\"\" width=\"300\" height=\"225\" \/><\/a><\/p>\n<p><em>\u00a9 Christian \u2013 Der Altar am Nachmittag<\/em><\/p>\n<p><a href=\"https:\/\/heidenstammtisch-trier.de\/treverer\/wp-content\/uploads\/2019\/09\/01_Nachmittagsblot_Deko.jpg\"><img loading=\"lazy\" decoding=\"async\" class=\"alignnone size-medium wp-image-1166\" src=\"https:\/\/heidenstammtisch-trier.de\/treverer\/wp-content\/uploads\/2019\/09\/01_Nachmittagsblot_Deko-300x225.jpg\" alt=\"\" width=\"300\" height=\"225\" \/><\/a><\/p>\n<p><em>\u00a9 Christian \u2013 Der innere Kreis des Nachmittagsbl\u00f3ts mit Jera-Rune<\/em><\/p>\n<p><a href=\"https:\/\/heidenstammtisch-trier.de\/treverer\/wp-content\/uploads\/2019\/09\/03_Nachmittagsblot_Altar_Deko.jpg\"><img loading=\"lazy\" decoding=\"async\" class=\"alignnone size-medium wp-image-1168\" src=\"https:\/\/heidenstammtisch-trier.de\/treverer\/wp-content\/uploads\/2019\/09\/03_Nachmittagsblot_Altar_Deko-225x300.jpg\" alt=\"\" width=\"225\" height=\"300\" \/><\/a><\/p>\n<p><em>\u00a9 Christian \u2013 Der Altar am Nachmittag<\/em><br \/>\n<em>Jera-Rune<\/em><\/p>\n<p>Sebastian dr\u00fcckte Richard erst mal ein Bier in die Hand, w\u00e4hrend Pascale das mitgebrachte Grillgut zum Grillmeister Christian brachte. Dieser war ob der 1,7 Kilo Rippchen zun\u00e4chst etwas skeptisch, versprach uns aber, sein M\u00f6glichstes zu tun, um uns noch vor 02:30 Uhr satt zu bekommen. Die G\u00f6tter hatten jedoch offensichtlich ein Einsehen mit uns und haben uns daher in weiser Voraussicht bereits vorgegartes Fleisch einkaufen lassen, weswegen der Schmaus dann doch schon nach einer halben Stunde vom Rost genommen werden konnte.<br \/>\nIm Rahmen der Bl\u00f3tvorbesprechung einigten wir uns dann auf drei Sumbelrunden zu Ehren der G\u00f6tter, der Ahnen und Wesenheiten des Ortes und\/oder allgemeiner Natur.<br \/>\nHeike und Rex hatten den Bl\u00f3tplatz wundervoll hergerichtet. War nachmittags eine Jera-Rune im Zentrum der Kreise, war es nachts eine Feuerschale. Um das Opferfeuer herum hatten sie einen<br \/>\ninneren Kreis aus H\u00f6lzchen gelegt und darin acht Kerzen platziert, die die Sonnenwenden und Tagundnachtgleichen symbolisierten und dem ganzen noch mehr Stimmung verliehen. Die anderen<br \/>\nKerzen standen f\u00fcr die keltischen Feste Samhaim usw. Der \u00e4u\u00dfere Kreis war an einer Stelle, einem T\u00f6rchen \u00e4hnlich, ge\u00f6ffnet; nachdem wir Teilnehmer dort den Kreis betreten hatten, wurde der Ring<br \/>\ngeschlossen und die Zeremonie begann.<\/p>\n<p><a href=\"https:\/\/heidenstammtisch-trier.de\/treverer\/wp-content\/uploads\/2019\/09\/04_Nachtblot_Deko.jpg\"><img loading=\"lazy\" decoding=\"async\" class=\"alignnone size-medium wp-image-1169\" src=\"https:\/\/heidenstammtisch-trier.de\/treverer\/wp-content\/uploads\/2019\/09\/04_Nachtblot_Deko-300x225.jpg\" alt=\"\" width=\"300\" height=\"225\" \/><\/a><\/p>\n<p><em>\u00a9 Christian \u2013 Der innere Kreis des Nachtbl\u00f3ts mit Feuerschale<\/em><\/p>\n<p><a href=\"https:\/\/heidenstammtisch-trier.de\/treverer\/wp-content\/uploads\/2019\/09\/08_Nachtblot_Deko.jpg\"><img loading=\"lazy\" decoding=\"async\" class=\"alignnone size-medium wp-image-1156\" src=\"https:\/\/heidenstammtisch-trier.de\/treverer\/wp-content\/uploads\/2019\/09\/08_Nachtblot_Deko-300x225.jpg\" alt=\"\" width=\"300\" height=\"225\" \/><\/a><\/p>\n<p><em>\u00a9 Pascale \u2013 Der innere Kreis des Nachtbl\u00f3ts mit<\/em><br \/>\n<em>Feuerschale<\/em><\/p>\n<p><a href=\"https:\/\/heidenstammtisch-trier.de\/treverer\/wp-content\/uploads\/2019\/09\/06_Nachtblot_Altar.jpg\"><img loading=\"lazy\" decoding=\"async\" class=\"alignnone size-medium wp-image-1154\" src=\"https:\/\/heidenstammtisch-trier.de\/treverer\/wp-content\/uploads\/2019\/09\/06_Nachtblot_Altar-300x225.jpg\" alt=\"\" width=\"300\" height=\"225\" \/><\/a><\/p>\n<p><em>\u00a9 Pascale \u2013 Der Altar am Abend<\/em><\/p>\n<p><a href=\"https:\/\/heidenstammtisch-trier.de\/treverer\/wp-content\/uploads\/2019\/09\/05_Nachtblot_Altar_Deko.jpg\"><img loading=\"lazy\" decoding=\"async\" class=\"alignnone size-medium wp-image-1153\" src=\"https:\/\/heidenstammtisch-trier.de\/treverer\/wp-content\/uploads\/2019\/09\/05_Nachtblot_Altar_Deko-225x300.jpg\" alt=\"\" width=\"225\" height=\"300\" \/><\/a><\/p>\n<p><em>\u00a9 Christian \u2013 Der Bl\u00f3tplatz am Abend<\/em><\/p>\n<p>Im Vorfeld hatte sich jeder an den getrockneten Lorbeerbl\u00e4ttern bedienen k\u00f6nnen, welche ebenfalls von den beiden besorgt worden waren. Mit einem wei\u00dfen oder roten Stift konnten wir auf diesen<br \/>\nunsere W\u00fcnsche f\u00fcr die kommende dunkle Jahreszeit notieren. Anschlie\u00dfend sollten diese Botschaften dann w\u00e4hrend der Zeremonie dem Feuer \u00fcberantwortet werden.<br \/>\nNach dem Sebastian das Bl\u00f3t mit einleitenden Worten er\u00f6ffnet hatte, umschritten wir das Feuer dreimal entsprechend dem Sonnenlauf. Laut Sebastian w\u00e4re andersherum n\u00e4mlich \u201emagisch uncool\u201c gewesen. ^^<br \/>\nDann begl\u00fcckte uns Andreas mit der Intonation der Moskauer N\u00e4chte auf seinem Kornett. Dieses geh\u00f6rt \u2013 so erkl\u00e4rte er uns \u2013 trotz seiner \u00c4hnlichkeit mit einer Trompete zu den H\u00f6rnern und zeichnet sich durch einen weicheren Klang aus.<br \/>\nSo eingestimmt rezitierten Sebastians Kinder Ferun und Haakon die Zeilen der Herkunft.<br \/>\nDaran anschlie\u00dfend wurde das Sumbelhorn vom Schankwalk\u00fcr gef\u00fcllt und wir sumbelten dreimal auf die G\u00f6tter, die Ahnen und zuletzt auf die Wesenheiten des Platzes und andere Naturwesen.<br \/>\nJetzt war es an der Zeit, die zuvor aufgeschriebenen W\u00fcnsche dem Feuer zu \u00fcberantworten. Reihum legte jeder seine Bl\u00e4tter in die Flammen, manch einer sprach ein paar Gedanken dazu aus, andere<br \/>\nwiederum opferten schweigend. Der Wunsch von Haakon nach einer Playstation IV wurde allerdings von den G\u00f6ttern dahingehend beantwortet, dass sich sein Blatt, vom warmen Rauch immer wieder<br \/>\naus dem Feuer getragen, einfach nicht entz\u00fcnden wollte. Wahrscheinlich sind f\u00fcr solche W\u00fcnsche nach wie vor die Eltern zust\u00e4ndig. ^^<br \/>\n\u00dcber allem lag allenthalben der bet\u00f6rende Duft von verbrannten Kr\u00e4utern und anderem R\u00e4ucherwerk, welches gro\u00dfz\u00fcgig vorhanden und ebenso gro\u00dfz\u00fcgig den Flammen \u00fcberantwortet wurde. Rosmarin kl\u00e4rte den Geist, um Platz f\u00fcr Eingebungen zu schaffen, welche durch einheimische und exotische Baumharze katalysiert wurde. Zusammen mit dem restlichen Feuer, den brennenden Lorbeerbl\u00e4ttern, dem s\u00fc\u00dfen Met und der klaren Nachtluft war all dies olfaktorisch h\u00f6chst ansprechend.<br \/>\nNach dem Sumbel griff Andreas wieder zum Kornett und spielte die Melodie des Herdfeuerliedes, welches wir anschlie\u00dfend gemeinsam sangen. Zum Abschluss brachte er uns noch \u201eDie Gedanken<br \/>\nsind frei\u201c zu Geh\u00f6r, worin wir ebenfalls \u00fcber die L\u00e4nge aller Strophen einstimmten.<br \/>\nSebastian hob die Zeremonie mit passenden Worten auf und wir alle verlie\u00dfen den Kreis, erneut im Sonnensinn umlaufend, bis alle wieder au\u00dferhalb des \u00e4u\u00dferen Kreises standen.<br \/>\nNach dem Bl\u00f3t ist vor dem Bl\u00f3t, hei\u00dft es so sch\u00f6n. So setzten wir uns alle auf die B\u00e4nke um ein weiteres Feuer zusammen, und sumbelten zun\u00e4chst eine Runde frei, bis die Idee aufkam, nacheinander sollte jeder die M\u00f6glichkeit bekommen, f\u00fcr eine komplette Sumbelrunde das Thema zu bestimmen. Dies wurde begeistert so angenommen und wir schafften es, dass jeder der Anwesenden einen Themenvorschlag machen und dann nach einer Runde nochmal ein Schlusswort zu seinem Thema sagen konnte. Als letzte war Pascale mit einem Themenvorschlag dran; bei ihr landete nach<br \/>\nder letzten Runde auch das Horn, wurde geleert und das Sumbel somit aufgehoben.<\/p>\n<p><a href=\"https:\/\/heidenstammtisch-trier.de\/treverer\/wp-content\/uploads\/2019\/09\/10_Nachtblot_Lagerfeuer.jpg\"><img loading=\"lazy\" decoding=\"async\" class=\"alignnone size-medium wp-image-1158\" src=\"https:\/\/heidenstammtisch-trier.de\/treverer\/wp-content\/uploads\/2019\/09\/10_Nachtblot_Lagerfeuer-225x300.jpg\" alt=\"\" width=\"225\" height=\"300\" \/><\/a> <a href=\"https:\/\/heidenstammtisch-trier.de\/treverer\/wp-content\/uploads\/2019\/09\/09_Nachtblot_Lagerfeuer.jpg\"><img loading=\"lazy\" decoding=\"async\" class=\"alignnone size-medium wp-image-1157\" src=\"https:\/\/heidenstammtisch-trier.de\/treverer\/wp-content\/uploads\/2019\/09\/09_Nachtblot_Lagerfeuer-300x225.jpg\" alt=\"\" width=\"300\" height=\"225\" \/><\/a><\/p>\n<p><em>\u00a9 Pascale \u2013 Das Lagerfeuer am Abend<\/em><\/p>\n<p>Die Themenvielfalt dieser Sumbelrunden reichte dabei von so elementaren Dingen wie Freundschaft \u00fcber Liebe, bis hin zu hoch diffizilen Themenkomplexen wie Biosalatgurken.<br \/>\nNach dem der spirituelle Teil hinter uns lag, widmeten wir uns anderen hoch geistigen Themen. Sebastian hatte einen unbekannten Whiskey mitgebracht, welchen wir verkosteten, ohne ihn jedoch endg\u00fcltig identifizieren zu k\u00f6nnen. Nebenbei holte Pascale die Bettstatt f\u00fcr sich und Richard aus dem Auto, woraufhin sich beide dann ein Duett an der Luftpumpe lieferten. Voll von sch\u00f6nen Gedanken, befl\u00fcgelnden Impulsen und berauscht vom Met und anderen geistigen Getr\u00e4nken, legten sich alle schlie\u00dflich in die Federn.<\/p>\n<p><a href=\"https:\/\/heidenstammtisch-trier.de\/treverer\/wp-content\/uploads\/2019\/09\/11_Eingangstor.jpg\"><img loading=\"lazy\" decoding=\"async\" class=\"alignnone size-medium wp-image-1159\" src=\"https:\/\/heidenstammtisch-trier.de\/treverer\/wp-content\/uploads\/2019\/09\/11_Eingangstor-225x300.jpg\" alt=\"\" width=\"225\" height=\"300\" \/><\/a><\/p>\n<p><em>\u00a9 Pascale \u2013 Blick durch das Tor auf den<\/em><br \/>\n<em>Grillplatz<\/em><\/p>\n<p><a href=\"https:\/\/heidenstammtisch-trier.de\/treverer\/wp-content\/uploads\/2019\/09\/12_Platz_nachts.jpg\"><img loading=\"lazy\" decoding=\"async\" class=\"alignnone size-medium wp-image-1160\" src=\"https:\/\/heidenstammtisch-trier.de\/treverer\/wp-content\/uploads\/2019\/09\/12_Platz_nachts-300x225.jpg\" alt=\"\" width=\"300\" height=\"225\" \/><\/a><\/p>\n<p><em>\u00a9 Pascale \u2013 Der n\u00e4chtliche Grillplatz<\/em><\/p>\n<p><a href=\"https:\/\/heidenstammtisch-trier.de\/treverer\/wp-content\/uploads\/2019\/09\/13_Nachtblot_Altar_Deko.jpg\"><img loading=\"lazy\" decoding=\"async\" class=\"alignnone size-medium wp-image-1161\" src=\"https:\/\/heidenstammtisch-trier.de\/treverer\/wp-content\/uploads\/2019\/09\/13_Nachtblot_Altar_Deko-300x225.jpg\" alt=\"\" width=\"300\" height=\"225\" \/><\/a><\/p>\n<p><em>\u00a9 Pascale \u2013 Bl\u00f3tplatz bei Nacht<\/em><\/p>\n<p>F\u00fcr den kommenden Morgen war der Platz bis 11:00 Uhr gebucht, weswegen uns die Zeit etwas im Nacken sa\u00df. Nach dem alle den jeweiligen Lagern entstiegen und alle Habseligkeiten weitestgehend<br \/>\nverstaut waren, fanden wir uns am von den Kindern eingedeckten Fr\u00fchst\u00fcckstisch im Freien ein, um eine gemeinsame Abschlussmahlzeit einzunehmen. Die Palette der mitgebrachten Speisen war sehr vielf\u00e4ltig und das Angebot reichhaltig. Am Ende war noch so viel \u00fcbrig, dass jeder der wollte, reichlich<br \/>\ndavon mitnehmen konnte.<br \/>\nAls die Tafel aufgehoben wurde, war es schon 11:30 Uhr und der P\u00e4chter nahm den Grillplatz ohne Beanstandungen ab.<\/p>\n<p><a href=\"https:\/\/heidenstammtisch-trier.de\/treverer\/wp-content\/uploads\/2019\/09\/17_Sonntag_Lagerfeuer.jpg\"><img loading=\"lazy\" decoding=\"async\" class=\"alignnone size-medium wp-image-1165\" src=\"https:\/\/heidenstammtisch-trier.de\/treverer\/wp-content\/uploads\/2019\/09\/17_Sonntag_Lagerfeuer-300x225.jpg\" alt=\"\" width=\"300\" height=\"225\" \/><\/a><\/p>\n<p><em>\u00a9 Pascale \u2013 Das Lagerfeuer am Sonntag Morgen<\/em><\/p>\n<p><a href=\"https:\/\/heidenstammtisch-trier.de\/treverer\/wp-content\/uploads\/2019\/09\/16_Sonntag_Grill.jpg\"><img loading=\"lazy\" decoding=\"async\" class=\"alignnone size-medium wp-image-1164\" src=\"https:\/\/heidenstammtisch-trier.de\/treverer\/wp-content\/uploads\/2019\/09\/16_Sonntag_Grill-300x225.jpg\" alt=\"\" width=\"300\" height=\"225\" \/><\/a><\/p>\n<p><em>\u00a9 Pascale \u2013 Der Grillplatz am Sonntag Morgen<\/em><\/p>\n<p><a href=\"https:\/\/heidenstammtisch-trier.de\/treverer\/wp-content\/uploads\/2019\/09\/15_Sonntag_Bank_Horn_Stab_Schale.jpg\"><img loading=\"lazy\" decoding=\"async\" class=\"alignnone size-medium wp-image-1163\" src=\"https:\/\/heidenstammtisch-trier.de\/treverer\/wp-content\/uploads\/2019\/09\/15_Sonntag_Bank_Horn_Stab_Schale-300x225.jpg\" alt=\"\" width=\"300\" height=\"225\" \/><\/a><\/p>\n<p><em>\u00a9 Pascale \u2013 Bank mit Horn, Stab und Opferschale<\/em><br \/>\n<em>am Sonntag Morgen<\/em><\/p>\n<p><a href=\"https:\/\/heidenstammtisch-trier.de\/treverer\/wp-content\/uploads\/2019\/09\/14_Sonntag_Eingangstor.jpg\"><img loading=\"lazy\" decoding=\"async\" class=\"alignnone size-medium wp-image-1162\" src=\"https:\/\/heidenstammtisch-trier.de\/treverer\/wp-content\/uploads\/2019\/09\/14_Sonntag_Eingangstor-300x225.jpg\" alt=\"\" width=\"300\" height=\"225\" \/><\/a><\/p>\n<p><em>\u00a9 Pascale \u2013 Das Eingangstor am Sonntag Morgen<\/em><\/p>\n<p>Unser Abschlusssumbel verlegten wir vor das Tor der Einfriedung. Da die R\u00fcckreise f\u00fcr alle mit eigenem PKW stattfand, enthielt das Horn diesmal Apfelsaft statt Met.<br \/>\nWir sumbelten dieses Mal mit vielen Worten der Dankbarkeit, besonders f\u00fcr Rex und Heike, die alles so sch\u00f6n vorbereitet hatten, auf die Gemeinschaft und auf baldige Zusammenkunft anl\u00e4sslich einer \u00e4hnlichen Veranstaltung.<br \/>\nAbschlie\u00dfend leerten wir die Schale mit den Opfergaben in den Wald, wozu Sebastian die Worte<br \/>\n<em>\u201eVon den G\u00f6ttern, zur Erde, zu uns. Von uns, zur Erde, zu den G\u00f6ttern.\u201c<\/em> rezitierte.<\/p>\n<p>Auch wir haben die aus dem skandinavischen Raum bekannte Sitte \u00fcbernommen, allen nach dem Bl\u00f3t mit den Worten \u201e<em>Tak for Bl\u00f3t<\/em>\u201c zu danken. Dies geschah, in dem wir uns alle durcheinander gegenseitig umarmten, knuddelten, auf R\u00fccken und Schultern patschelten und einfach unsere Verbundenheit taktil zum Ausdruck brachten. Nach vielen lieben Worten und guten W\u00fcnschen, fuhr jeder zur\u00fcck nach Hause.<br \/>\nWir haben das Herbstbl\u00f3t bei der Gruppe Rheingold sehr genossen und freuen uns schon auf das n\u00e4chste Bl\u00f3t.<\/p>\n<p>Pascale und Richard<br \/>\nvom Heidenstammtisch Trier<\/p>\n","protected":false},"excerpt":{"rendered":"<p>Text von Pascale und Richard Gegen 19:30 Uhr kamen wir als die Letzten mit einiger Versp\u00e4tung auf dem sch\u00f6nen Grillplatz in Berkum an. Da wir vorher noch f\u00fcr unsere Firma im Kundeneinsatz waren, hatten wir leider das erste Bl\u00f3t verpasst. \u00a9 Christian \u2013 Der Altar am Nachmittag \u00a9 Christian \u2013 Der innere Kreis des Nachmittagsbl\u00f3ts &hellip; <a href=\"https:\/\/heidenstammtisch-trier.de\/treverer\/2019\/09\/27\/herbstblot-von-rheingold-des-eldaring-e-v-in-berkum-2019\/\" class=\"more-link\"><span class=\"screen-reader-text\">Herbstbl\u00f3t von Rheingold des Eldaring e.V. in Berkum 2019<\/span> weiterlesen <span class=\"meta-nav\">&rarr;<\/span><\/a><\/p>\n","protected":false},"author":1,"featured_media":1153,"comment_status":"closed","ping_status":"open","sticky":false,"template":"","format":"standard","meta":{"footnotes":""},"categories":[2,8],"tags":[],"class_list":["post-1170","post","type-post","status-publish","format-standard","has-post-thumbnail","hentry","category-blotberichte","category-unterwegs"],"_links":{"self":[{"href":"https:\/\/heidenstammtisch-trier.de\/treverer\/wp-json\/wp\/v2\/posts\/1170","targetHints":{"allow":["GET"]}}],"collection":[{"href":"https:\/\/heidenstammtisch-trier.de\/treverer\/wp-json\/wp\/v2\/posts"}],"about":[{"href":"https:\/\/heidenstammtisch-trier.de\/treverer\/wp-json\/wp\/v2\/types\/post"}],"author":[{"embeddable":true,"href":"https:\/\/heidenstammtisch-trier.de\/treverer\/wp-json\/wp\/v2\/users\/1"}],"replies":[{"embeddable":true,"href":"https:\/\/heidenstammtisch-trier.de\/treverer\/wp-json\/wp\/v2\/comments?post=1170"}],"version-history":[{"count":0,"href":"https:\/\/heidenstammtisch-trier.de\/treverer\/wp-json\/wp\/v2\/posts\/1170\/revisions"}],"wp:featuredmedia":[{"embeddable":true,"href":"https:\/\/heidenstammtisch-trier.de\/treverer\/wp-json\/wp\/v2\/media\/1153"}],"wp:attachment":[{"href":"https:\/\/heidenstammtisch-trier.de\/treverer\/wp-json\/wp\/v2\/media?parent=1170"}],"wp:term":[{"taxonomy":"category","embeddable":true,"href":"https:\/\/heidenstammtisch-trier.de\/treverer\/wp-json\/wp\/v2\/categories?post=1170"},{"taxonomy":"post_tag","embeddable":true,"href":"https:\/\/heidenstammtisch-trier.de\/treverer\/wp-json\/wp\/v2\/tags?post=1170"}],"curies":[{"name":"wp","href":"https:\/\/api.w.org\/{rel}","templated":true}]}}