{"id":1189,"date":"2020-04-03T12:44:08","date_gmt":"2020-04-03T11:44:08","guid":{"rendered":"https:\/\/heidenstammtisch-trier.de\/?p=1189"},"modified":"2020-04-03T12:44:08","modified_gmt":"2020-04-03T11:44:08","slug":"ein-blot-fuer-eir","status":"publish","type":"post","link":"https:\/\/heidenstammtisch-trier.de\/treverer\/2020\/04\/03\/ein-blot-fuer-eir\/","title":{"rendered":"Ein Bl\u00f2t f\u00fcr Eir"},"content":{"rendered":"<p style=\"padding-left: 30px;\">Bl\u00f2tbericht: \u201eEin Bl\u00f2t f\u00fcr Eir\u201c von Fenris und Liam<\/p>\n<p style=\"text-align: left;\">\n<p>Aufgrund der schwierigen Lage durch die Corona-Krise musste leider das gemeinsame Ostarafest des Heidenstammtisches Trier abgesagt werden. Das war sehr schade, aber angemessen und f\u00fcr jeden nachvollziehbar. Au\u00dferdem wurde auf ein kollektives Eir-Bl\u00f2t, das von den Norwegern initiiert wurde, verwiesen. Dieses sollte am 22.03.2020 um 20 Uhr abgehalten werden, ein m\u00f6glicher Ablauf wurde ebenfalls gegeben. Das Gute an diesem Bl\u00f2t war, dass jeder es alleine durchf\u00fchren konnte. Durch das gemeinsame und doch einsame Versammeln der teilnehmenden Heiden an diesem Blot zur selben Uhrzeit konnte das gesammelte Heil gemehrt werden.<\/p>\n<p>Wir wollten super gerne auch am Eir-Bl\u00f2t teilnehmen, aber aus logistischen Gr\u00fcnden mussten wir die Veranstaltung auf den n\u00e4chsten Tag legen.<\/p>\n<p>Am Montag, dem 23.03.2020, haben wir uns also auf den Weg zu unserem Bl\u00f2tplatz gemacht. Der Platz liegt zwischen einigen B\u00e4umen, nahe einer Feldlandschaft. Es war sch\u00f6nster Sonnenschein und wir haben uns erst einmal Zeit genommen um gro\u00dfe, durch den Sturm heruntergefallene, \u00c4ste zu beseitigen und den erwachenden Fr\u00fchling um uns herum wahrzunehmen.<\/p>\n<p><a href=\"https:\/\/heidenstammtisch-trier.de\/treverer\/wp-content\/uploads\/2020\/04\/200006000521_104701.jpg\"><img loading=\"lazy\" decoding=\"async\" class=\"alignnone size-medium wp-image-1199\" src=\"https:\/\/heidenstammtisch-trier.de\/treverer\/wp-content\/uploads\/2020\/04\/200006000521_104701-300x225.jpg\" alt=\"\" width=\"300\" height=\"225\" \/><\/a><\/p>\n<p>Au\u00dferdem haben wir Vogelfutter nachgef\u00fcllt. Im Vergleich zum Winter hatte sich nat\u00fcrlich Vieles ver\u00e4ndert und durch die lange Regenperiode (beginnend im Januar bis Anfang M\u00e4rz) war ein Besuch des Ortes kaum m\u00f6glich. Umso mehr freute uns der Anblick erster Bl\u00fcten an den B\u00e4umen und Blumen.<\/p>\n<p style=\"text-align: left;\"><a href=\"https:\/\/heidenstammtisch-trier.de\/treverer\/wp-content\/uploads\/2020\/04\/200009700562_87366.jpg\"><img loading=\"lazy\" decoding=\"async\" class=\"alignnone size-medium wp-image-1197\" src=\"https:\/\/heidenstammtisch-trier.de\/treverer\/wp-content\/uploads\/2020\/04\/200009700562_87366-225x300.jpg\" alt=\"\" width=\"225\" height=\"300\" \/><\/a><a href=\"https:\/\/heidenstammtisch-trier.de\/treverer\/wp-content\/uploads\/2020\/04\/248204996_242094.jpg\"><img loading=\"lazy\" decoding=\"async\" class=\"alignnone size-medium wp-image-1196\" src=\"https:\/\/heidenstammtisch-trier.de\/treverer\/wp-content\/uploads\/2020\/04\/248204996_242094-225x300.jpg\" alt=\"\" width=\"225\" height=\"300\" \/><\/a><\/p>\n<p>Anschlie\u00dfend dekorierten wir unseren kleinen Altar, eine recht kompakte, quergestellte Holzkiste. Was sehr spartanisch klingt ist aber in Wirklichkeit voller Charme. Im unteren Teil der Kerze platzierten wir eine gro\u00dfe Gartenkerze als Ersatz f\u00fcr unser \u201eHeiliges Feuer\u201c (auf ein richtiges Feuer haben wir aus mehreren Gr\u00fcnden verzichtet), sowie unser Trinkhorn f\u00fcr das sp\u00e4ter folgende Sumbel.<br \/>\nOben auf unseren Altar stellten wir einige R\u00e4ucherwerke und weitere Kerzen. Auch unsere Opfergaben nahmen dort Platz: f\u00fcr Eir, die s\u00fc\u00dfe Gaben bevorzugt, hatten wir frischgepressten Orangensaft, regionalen Honig und Agavensaft mitgebracht.<\/p>\n<p><a href=\"https:\/\/heidenstammtisch-trier.de\/treverer\/wp-content\/uploads\/2020\/04\/248209488_243302.jpg\"><img loading=\"lazy\" decoding=\"async\" class=\"alignnone size-medium wp-image-1192\" src=\"https:\/\/heidenstammtisch-trier.de\/treverer\/wp-content\/uploads\/2020\/04\/248209488_243302-300x225.jpg\" alt=\"\" width=\"300\" height=\"225\" \/><\/a><a href=\"https:\/\/heidenstammtisch-trier.de\/treverer\/wp-content\/uploads\/2020\/04\/200016700700_583.jpg\"><img loading=\"lazy\" decoding=\"async\" class=\"alignnone size-medium wp-image-1191\" src=\"https:\/\/heidenstammtisch-trier.de\/treverer\/wp-content\/uploads\/2020\/04\/200016700700_583-300x225.jpg\" alt=\"\" width=\"300\" height=\"225\" \/><\/a><\/p>\n<p>Vor dem Altar hatten wir wieder einige Kerzen aufgestellt, auf denen die Weltenesche Yggdrasil zu sehen ist. Letztendlich werteten wir das Gesamtwerk noch durch einige Dekorationselemente auf, darunter auch einen selbstbemalten Runenstein.<\/p>\n<p><a href=\"https:\/\/heidenstammtisch-trier.de\/treverer\/wp-content\/uploads\/2020\/04\/247526127_285130.jpg\"><img loading=\"lazy\" decoding=\"async\" class=\"alignnone size-medium wp-image-1193\" src=\"https:\/\/heidenstammtisch-trier.de\/treverer\/wp-content\/uploads\/2020\/04\/247526127_285130-300x225.jpg\" alt=\"\" width=\"300\" height=\"225\" \/><\/a><\/p>\n<p>Bevor wir mit dem Bl\u00f2t begannen f\u00fchrten wir noch eine kurze Platzweihe durch und legten dann den dazu verwendeten Thorshammer ebenfalls auf den Altar.<\/p>\n<p>Bei der Durchf\u00fchrung des Bl\u00f2tes hielten wir uns haupts\u00e4chlich an das Skript (s.o). Wir er\u00f6ffneten also unser Ritual, indem wir unser Licht entz\u00fcndeten und einen Spruch sprachen, sowie die Runen Lagus, Jera und Mannaz in die Luft malten. Es folgten weitere Strophen, sowie die Opferungen der Gaben. Da unser Feuer zum Opfern nat\u00fcrlich nicht ausreichte w\u00e4hlten wir einen unserer B\u00e4ume aus und stellten die Gaben dorthin.<br \/>\nAnschlie\u00dfend folgte unser Sumbel, das Herzst\u00fcck eines Bl\u00f2ts. Tats\u00e4chlich sumbelten wir weder mit Met, noch mit Viez, so wie es sonst beim Stammtisch der Fall war. Wir tranken einfaches Leitungswasser, was, wie wir finden, aber gut zum Anlass passte. Schlie\u00dflich ist Eir die h\u00f6chste Heilerin und Wasser ein Symbol der Reinheit und des Lebenspendenden und somit auch der Heilung. Wir erhoben also unser Horn, sprachen einen kurzen Spruch und offenbarten dann unsere W\u00fcnsche zur Besserung der schwierigen Lage. Anschlie\u00dfend tranken wir, wie gewohnt, auf die G\u00f6tter, die Ahnen und die Wesenheiten und erg\u00e4nzten offene Runden.<br \/>\nLetztendlich erfolgte mit weiteren Versen die \u00d6ffnung des heiligen Raums und das L\u00f6schen des Lichtes.<\/p>\n<p><a href=\"https:\/\/heidenstammtisch-trier.de\/treverer\/wp-content\/uploads\/2020\/04\/200030700849_5559.jpg\"><img loading=\"lazy\" decoding=\"async\" class=\"alignnone size-medium wp-image-1194\" src=\"https:\/\/heidenstammtisch-trier.de\/treverer\/wp-content\/uploads\/2020\/04\/200030700849_5559-300x230.jpg\" alt=\"\" width=\"300\" height=\"230\" \/><\/a><\/p>\n<p>Fazit: Zu Zweit war das Bl\u00f2t nat\u00fcrlich nicht deckungsgleich mit denen, die wir sonst in gr\u00f6\u00dferer Runde durchf\u00fchren, aber es hatte dennoch etwas ganz Besonderes. Wir sind froh am Eir-Bl\u00f2t teilgenommen zu haben und w\u00fcnschen allen von Herzen viel Kraft und Gesundheit, gerade in dieser schweren Zeit.<\/p>\n<p>Liam und Fenris<\/p>\n","protected":false},"excerpt":{"rendered":"<p>Bl\u00f2tbericht: \u201eEin Bl\u00f2t f\u00fcr Eir\u201c von Fenris und Liam Aufgrund der schwierigen Lage durch die Corona-Krise musste leider das gemeinsame Ostarafest des Heidenstammtisches Trier abgesagt werden. Das war sehr schade, aber angemessen und f\u00fcr jeden nachvollziehbar. Au\u00dferdem wurde auf ein kollektives Eir-Bl\u00f2t, das von den Norwegern initiiert wurde, verwiesen. Dieses sollte am 22.03.2020 um 20 &hellip; <a href=\"https:\/\/heidenstammtisch-trier.de\/treverer\/2020\/04\/03\/ein-blot-fuer-eir\/\" class=\"more-link\"><span class=\"screen-reader-text\">Ein Bl\u00f2t f\u00fcr Eir<\/span> weiterlesen <span class=\"meta-nav\">&rarr;<\/span><\/a><\/p>\n","protected":false},"author":1,"featured_media":1192,"comment_status":"closed","ping_status":"open","sticky":false,"template":"","format":"standard","meta":{"footnotes":""},"categories":[2],"tags":[],"class_list":["post-1189","post","type-post","status-publish","format-standard","has-post-thumbnail","hentry","category-blotberichte"],"_links":{"self":[{"href":"https:\/\/heidenstammtisch-trier.de\/treverer\/wp-json\/wp\/v2\/posts\/1189","targetHints":{"allow":["GET"]}}],"collection":[{"href":"https:\/\/heidenstammtisch-trier.de\/treverer\/wp-json\/wp\/v2\/posts"}],"about":[{"href":"https:\/\/heidenstammtisch-trier.de\/treverer\/wp-json\/wp\/v2\/types\/post"}],"author":[{"embeddable":true,"href":"https:\/\/heidenstammtisch-trier.de\/treverer\/wp-json\/wp\/v2\/users\/1"}],"replies":[{"embeddable":true,"href":"https:\/\/heidenstammtisch-trier.de\/treverer\/wp-json\/wp\/v2\/comments?post=1189"}],"version-history":[{"count":0,"href":"https:\/\/heidenstammtisch-trier.de\/treverer\/wp-json\/wp\/v2\/posts\/1189\/revisions"}],"wp:featuredmedia":[{"embeddable":true,"href":"https:\/\/heidenstammtisch-trier.de\/treverer\/wp-json\/wp\/v2\/media\/1192"}],"wp:attachment":[{"href":"https:\/\/heidenstammtisch-trier.de\/treverer\/wp-json\/wp\/v2\/media?parent=1189"}],"wp:term":[{"taxonomy":"category","embeddable":true,"href":"https:\/\/heidenstammtisch-trier.de\/treverer\/wp-json\/wp\/v2\/categories?post=1189"},{"taxonomy":"post_tag","embeddable":true,"href":"https:\/\/heidenstammtisch-trier.de\/treverer\/wp-json\/wp\/v2\/tags?post=1189"}],"curies":[{"name":"wp","href":"https:\/\/api.w.org\/{rel}","templated":true}]}}