{"id":1312,"date":"2022-06-08T20:51:48","date_gmt":"2022-06-08T19:51:48","guid":{"rendered":"https:\/\/heidenstammtisch-trier.de\/?p=1312"},"modified":"2022-06-08T20:51:48","modified_gmt":"2022-06-08T19:51:48","slug":"eldathing-2022","status":"publish","type":"post","link":"https:\/\/heidenstammtisch-trier.de\/treverer\/2022\/06\/08\/eldathing-2022\/","title":{"rendered":"Eldathing 2022"},"content":{"rendered":"<blockquote class=\"wp-embedded-content\" data-secret=\"xxLlPMHDGq\"><p><a href=\"https:\/\/eldaring.de\/2022\/06\/08\/anmeldung-zum-thing-2022\/\">Anmeldung zum Thing 2022<\/a><\/p><\/blockquote>\n<p><iframe loading=\"lazy\" class=\"wp-embedded-content\" sandbox=\"allow-scripts\" security=\"restricted\" style=\"position: absolute; visibility: hidden;\" title=\"&#8222;Anmeldung zum Thing 2022&#8220; &#8212; Eldaring e.V.\" src=\"https:\/\/eldaring.de\/2022\/06\/08\/anmeldung-zum-thing-2022\/embed\/#?secret=oRO4V64Fsq#?secret=xxLlPMHDGq\" data-secret=\"xxLlPMHDGq\" width=\"474\" height=\"267\" frameborder=\"0\" marginwidth=\"0\" marginheight=\"0\" scrolling=\"no\"><\/iframe><\/p>\n<p>Wir sind dieses Jahr der gastgebende Herd f\u00fcr das Jubil\u00e4ums-Eldathing. Vor 20 Jahren, also 2002, wurde der Eldaring e.V. in Trier gegr\u00fcndet und beim Amtsgericht Trier eingetragen. Mittlerweile ist der Verein seit einigen Jahren als gemeinn\u00fctzig anerkannt und mit \u00fcber 400 Mitgliedern der gr\u00f6\u00dfte heidnische Verein in Deutschland. Wir sind stolz dieses symboltr\u00e4chtige Thing f\u00fcr den Eldaring in Mettlach ausrichten zu d\u00fcrfen &#8211; den Eldaring also nochmal in die Gr\u00fcndungsregion zu holen &#8211; und hoffen f\u00fcr alle Teilnehmer ein tolles Erlebnis an der Saarschleife zu schaffen. Anmeldeunterlagen sind unter dem Link zu finden!<\/p>\n","protected":false},"excerpt":{"rendered":"<p>Anmeldung zum Thing 2022 Wir sind dieses Jahr der gastgebende Herd f\u00fcr das Jubil\u00e4ums-Eldathing. Vor 20 Jahren, also 2002, wurde der Eldaring e.V. in Trier gegr\u00fcndet und beim Amtsgericht Trier eingetragen. Mittlerweile ist der Verein seit einigen Jahren als gemeinn\u00fctzig anerkannt und mit \u00fcber 400 Mitgliedern der gr\u00f6\u00dfte heidnische Verein in Deutschland. Wir sind stolz &hellip; <a href=\"https:\/\/heidenstammtisch-trier.de\/treverer\/2022\/06\/08\/eldathing-2022\/\" class=\"more-link\"><span class=\"screen-reader-text\">Eldathing 2022<\/span> weiterlesen <span class=\"meta-nav\">&rarr;<\/span><\/a><\/p>\n","protected":false},"author":1,"featured_media":253,"comment_status":"closed","ping_status":"open","sticky":false,"template":"","format":"standard","meta":{"footnotes":""},"categories":[9],"tags":[],"class_list":["post-1312","post","type-post","status-publish","format-standard","has-post-thumbnail","hentry","category-veranstaltungen"],"_links":{"self":[{"href":"https:\/\/heidenstammtisch-trier.de\/treverer\/wp-json\/wp\/v2\/posts\/1312","targetHints":{"allow":["GET"]}}],"collection":[{"href":"https:\/\/heidenstammtisch-trier.de\/treverer\/wp-json\/wp\/v2\/posts"}],"about":[{"href":"https:\/\/heidenstammtisch-trier.de\/treverer\/wp-json\/wp\/v2\/types\/post"}],"author":[{"embeddable":true,"href":"https:\/\/heidenstammtisch-trier.de\/treverer\/wp-json\/wp\/v2\/users\/1"}],"replies":[{"embeddable":true,"href":"https:\/\/heidenstammtisch-trier.de\/treverer\/wp-json\/wp\/v2\/comments?post=1312"}],"version-history":[{"count":0,"href":"https:\/\/heidenstammtisch-trier.de\/treverer\/wp-json\/wp\/v2\/posts\/1312\/revisions"}],"wp:featuredmedia":[{"embeddable":true,"href":"https:\/\/heidenstammtisch-trier.de\/treverer\/wp-json\/wp\/v2\/media\/253"}],"wp:attachment":[{"href":"https:\/\/heidenstammtisch-trier.de\/treverer\/wp-json\/wp\/v2\/media?parent=1312"}],"wp:term":[{"taxonomy":"category","embeddable":true,"href":"https:\/\/heidenstammtisch-trier.de\/treverer\/wp-json\/wp\/v2\/categories?post=1312"},{"taxonomy":"post_tag","embeddable":true,"href":"https:\/\/heidenstammtisch-trier.de\/treverer\/wp-json\/wp\/v2\/tags?post=1312"}],"curies":[{"name":"wp","href":"https:\/\/api.w.org\/{rel}","templated":true}]}}