{"id":1398,"date":"2016-08-29T07:56:34","date_gmt":"2016-08-29T06:56:34","guid":{"rendered":"http:\/\/heidenstammtisch-trier.de\/?p=423"},"modified":"2016-08-29T07:56:34","modified_gmt":"2016-08-29T06:56:34","slug":"hochwald-thing-2016","status":"publish","type":"post","link":"https:\/\/heidenstammtisch-trier.de\/treverer\/2016\/08\/29\/hochwald-thing-2016\/","title":{"rendered":"Hochwald-Thing 2016"},"content":{"rendered":"<p>Der Heidenstammtisch Trier hat das erste mal im Namen des <a href=\"http:\/\/www.eldaring.de\">Eldaring e.V.<\/a> ein Wochenende mit Programm organisiert, das Hochwald-Thing.<\/p>\n<p><a href=\"http:\/\/heidenstammtisch-trier.de\/treverer\/wp-content\/uploads\/2016\/08\/2016-08-27-08.04.03.jpg\"><img loading=\"lazy\" decoding=\"async\" class=\"alignnone size-medium wp-image-429\" src=\"http:\/\/heidenstammtisch-trier.de\/treverer\/wp-content\/uploads\/2016\/08\/2016-08-27-08.04.03-300x169.jpg\" alt=\"2016-08-27 08.04.03\" width=\"300\" height=\"169\" \/><\/a><\/p>\n<p>Wir begr\u00fc\u00dften die Teilnehmer am Eingang der<a href=\"https:\/\/www.diejugendherbergen.de\/jugendherbergen\/hermeskeil\/portrait\/?gclid=CMvo6ZH35c4CFYwW0wod9OIAaA\"> Jugendherberge Hermeskeil<\/a> am morgen und warteten bis alle gut gelaunt eingetroffen sind. Diese Jugendherberge machte einen tollen Eindruck, war beschaulich und gepflegt und die Mitarbeiter freundlich.<\/p>\n<p>Da wir ja zu einem Thing einluden, denn es war eine Versammlung, zu der bei vielen Gruppen und Stammtischen eingeladen wurde, und das Angebot und Programm darauf ausgerichtet war viel \u00fcber die Kelten zu erfahren, wurde schlie\u00dflich ein Thingfrieden ausgerufen.<\/p>\n<p><a href=\"http:\/\/heidenstammtisch-trier.de\/treverer\/wp-content\/uploads\/2016\/08\/2016-08-27-10.08.49.jpg\"><img loading=\"lazy\" decoding=\"async\" class=\"alignnone size-medium wp-image-430\" src=\"http:\/\/heidenstammtisch-trier.de\/treverer\/wp-content\/uploads\/2016\/08\/2016-08-27-10.08.49-300x169.jpg\" alt=\"2016-08-27 10.08.49\" width=\"300\" height=\"169\" \/><\/a><\/p>\n<p>Dazu rief Marius mit dem Rufhorn die Versammlung ein und der Thingfrieden wurde ausgerufen. Ab sofort sollte jeder Hader und Zwist der Gruppe fernbleiben.<\/p>\n<p>Anschlie\u00dfend machten wir uns fertig f\u00fcr die Wanderung nach Otzenhausen. Als wir losgingen waren die Temperaturen noch sehr angenehm, es war sonnig und warm &#8211; das sollte sich bald in sonnig und hei\u00df \u00e4ndern.<\/p>\n<p><a href=\"http:\/\/heidenstammtisch-trier.de\/treverer\/wp-content\/uploads\/2016\/08\/2016-08-27-11.03.23.jpg\"><img loading=\"lazy\" decoding=\"async\" class=\"alignnone size-medium wp-image-432\" src=\"http:\/\/heidenstammtisch-trier.de\/treverer\/wp-content\/uploads\/2016\/08\/2016-08-27-11.03.23-300x169.jpg\" alt=\"2016-08-27 11.03.23\" width=\"300\" height=\"169\" \/><\/a> <a href=\"http:\/\/heidenstammtisch-trier.de\/treverer\/wp-content\/uploads\/2016\/08\/14102704_1773791089541282_7227749504448018737_n.jpg\"><img loading=\"lazy\" decoding=\"async\" class=\"alignnone size-medium wp-image-469\" src=\"http:\/\/heidenstammtisch-trier.de\/treverer\/wp-content\/uploads\/2016\/08\/14102704_1773791089541282_7227749504448018737_n-300x225.jpg\" alt=\"14102704_1773791089541282_7227749504448018737_n\" width=\"300\" height=\"225\" \/><\/a><\/p>\n<p>Zwischendurch machten wir nat\u00fcrlich auch eine Rast in einer Schutzh\u00fctte, wo wir mit einem herrlichen Ausblick auf den Stausee belohnt wurden.<\/p>\n<p><a href=\"http:\/\/heidenstammtisch-trier.de\/treverer\/wp-content\/uploads\/2016\/08\/2016-08-27-11.27.46.jpg\"><img loading=\"lazy\" decoding=\"async\" class=\"alignnone size-medium wp-image-435\" src=\"http:\/\/heidenstammtisch-trier.de\/treverer\/wp-content\/uploads\/2016\/08\/2016-08-27-11.27.46-300x169.jpg\" alt=\"2016-08-27 11.27.46\" width=\"300\" height=\"169\" \/><\/a><a href=\"http:\/\/heidenstammtisch-trier.de\/treverer\/wp-content\/uploads\/2016\/08\/14088465_1773791142874610_7923346045076193831_n.jpg\"><img loading=\"lazy\" decoding=\"async\" class=\"alignnone size-medium wp-image-465\" src=\"http:\/\/heidenstammtisch-trier.de\/treverer\/wp-content\/uploads\/2016\/08\/14088465_1773791142874610_7923346045076193831_n-300x225.jpg\" alt=\"14088465_1773791142874610_7923346045076193831_n\" width=\"300\" height=\"225\" \/><\/a> <a href=\"http:\/\/heidenstammtisch-trier.de\/treverer\/wp-content\/uploads\/2016\/08\/2016-08-27-11.27.19.jpg\"><img loading=\"lazy\" decoding=\"async\" class=\"alignnone size-medium wp-image-434\" src=\"http:\/\/heidenstammtisch-trier.de\/treverer\/wp-content\/uploads\/2016\/08\/2016-08-27-11.27.19-300x169.jpg\" alt=\"2016-08-27 11.27.19\" width=\"300\" height=\"169\" \/><\/a><\/p>\n<p>Nach drei Stunden Wanderung sind wir schlie\u00dflich ziemlich durchgeschwitzt in Otzenhausen angekommen und warteten dort auf die F\u00fchrerin, welche uns auf witzige und informative Weise in das Leben der alten Treverer hineinversetzte.<\/p>\n<p><a href=\"http:\/\/heidenstammtisch-trier.de\/treverer\/wp-content\/uploads\/2016\/08\/2016-08-27-12.53.53.jpg\"><img loading=\"lazy\" decoding=\"async\" class=\"alignnone size-medium wp-image-436\" src=\"http:\/\/heidenstammtisch-trier.de\/treverer\/wp-content\/uploads\/2016\/08\/2016-08-27-12.53.53-300x169.jpg\" alt=\"2016-08-27 12.53.53\" width=\"300\" height=\"169\" \/><\/a> <a href=\"http:\/\/heidenstammtisch-trier.de\/treverer\/wp-content\/uploads\/2016\/08\/2016-08-27-12.53.58.jpg\"><img loading=\"lazy\" decoding=\"async\" class=\"alignnone size-medium wp-image-437\" src=\"http:\/\/heidenstammtisch-trier.de\/treverer\/wp-content\/uploads\/2016\/08\/2016-08-27-12.53.58-300x169.jpg\" alt=\"2016-08-27 12.53.58\" width=\"300\" height=\"169\" \/><\/a> <a href=\"http:\/\/heidenstammtisch-trier.de\/treverer\/wp-content\/uploads\/2016\/08\/2016-08-27-13.41.39.jpg\"><img loading=\"lazy\" decoding=\"async\" class=\"alignnone size-medium wp-image-438\" src=\"http:\/\/heidenstammtisch-trier.de\/treverer\/wp-content\/uploads\/2016\/08\/2016-08-27-13.41.39-300x169.jpg\" alt=\"2016-08-27 13.41.39\" width=\"300\" height=\"169\" \/><\/a><\/p>\n<p>Durch ihr tolles und lustiges Schauspiel, mit dem sie uns alles aus den Augen eines Findelkinds der Treverer, die bei dem Druiden der Siedlung aufwuchs, schilderte, konnten wir den immernoch eindrucksvollen Ringwall und die Orte die sie uns zeigte mit ganz anderen Augen sehen und die Geb\u00e4ude, die Schmiede und der Wall wuchsen in unserer Vorstellung gradezu wieder aus der Erde und die alten Treverer wurden in unserer Fantasie wieder lebendig und wir erlebten ein Kapitel des gallischen Krieges mit.<\/p>\n<p><a href=\"http:\/\/heidenstammtisch-trier.de\/treverer\/wp-content\/uploads\/2016\/08\/2016-08-27-15.04.36.jpg\"><img loading=\"lazy\" decoding=\"async\" class=\"alignnone size-medium wp-image-440\" src=\"http:\/\/heidenstammtisch-trier.de\/treverer\/wp-content\/uploads\/2016\/08\/2016-08-27-15.04.36-300x169.jpg\" alt=\"2016-08-27 15.04.36\" width=\"300\" height=\"169\" \/><\/a> <a href=\"http:\/\/heidenstammtisch-trier.de\/treverer\/wp-content\/uploads\/2016\/08\/DSC_1018.jpg\"><img loading=\"lazy\" decoding=\"async\" class=\"alignnone size-medium wp-image-447\" src=\"http:\/\/heidenstammtisch-trier.de\/treverer\/wp-content\/uploads\/2016\/08\/DSC_1018-300x169.jpg\" alt=\"DSC_1018\" width=\"300\" height=\"169\" \/><\/a> <a href=\"http:\/\/heidenstammtisch-trier.de\/treverer\/wp-content\/uploads\/2016\/08\/2016-08-27-14.54.20.jpg\"><img loading=\"lazy\" decoding=\"async\" class=\"alignnone size-medium wp-image-439\" src=\"http:\/\/heidenstammtisch-trier.de\/treverer\/wp-content\/uploads\/2016\/08\/2016-08-27-14.54.20-300x169.jpg\" alt=\"2016-08-27 14.54.20\" width=\"300\" height=\"169\" \/><\/a><a href=\"http:\/\/heidenstammtisch-trier.de\/treverer\/wp-content\/uploads\/2016\/08\/DSC_1015.jpg\"><img loading=\"lazy\" decoding=\"async\" class=\"alignnone size-medium wp-image-446\" src=\"http:\/\/heidenstammtisch-trier.de\/treverer\/wp-content\/uploads\/2016\/08\/DSC_1015-300x169.jpg\" alt=\"DSC_1015\" width=\"300\" height=\"169\" \/><\/a><a href=\"http:\/\/heidenstammtisch-trier.de\/treverer\/wp-content\/uploads\/2016\/08\/14192028_1773791579541233_7966267831881617656_n.jpg\"><img loading=\"lazy\" decoding=\"async\" class=\"alignnone size-medium wp-image-459\" src=\"http:\/\/heidenstammtisch-trier.de\/treverer\/wp-content\/uploads\/2016\/08\/14192028_1773791579541233_7966267831881617656_n-300x225.jpg\" alt=\"14192028_1773791579541233_7966267831881617656_n\" width=\"300\" height=\"225\" \/><\/a><a href=\"http:\/\/heidenstammtisch-trier.de\/treverer\/wp-content\/uploads\/2016\/08\/14202536_1773791529541238_1489911958632343875_n.jpg\"><img loading=\"lazy\" decoding=\"async\" class=\"alignnone size-medium wp-image-461\" src=\"http:\/\/heidenstammtisch-trier.de\/treverer\/wp-content\/uploads\/2016\/08\/14202536_1773791529541238_1489911958632343875_n-225x300.jpg\" alt=\"14202536_1773791529541238_1489911958632343875_n\" width=\"225\" height=\"300\" \/><\/a><a href=\"http:\/\/heidenstammtisch-trier.de\/treverer\/wp-content\/uploads\/2016\/08\/14080055_1773792372874487_6893520717157850675_n.jpg\"><img loading=\"lazy\" decoding=\"async\" class=\"alignnone size-medium wp-image-464\" src=\"http:\/\/heidenstammtisch-trier.de\/treverer\/wp-content\/uploads\/2016\/08\/14080055_1773792372874487_6893520717157850675_n-300x260.jpg\" alt=\"14080055_1773792372874487_6893520717157850675_n\" width=\"300\" height=\"260\" \/><\/a><a href=\"http:\/\/heidenstammtisch-trier.de\/treverer\/wp-content\/uploads\/2016\/08\/14202565_1773792079541183_12796762107259887_n.jpg\"><img loading=\"lazy\" decoding=\"async\" class=\"alignnone size-medium wp-image-462\" src=\"http:\/\/heidenstammtisch-trier.de\/treverer\/wp-content\/uploads\/2016\/08\/14202565_1773792079541183_12796762107259887_n-300x226.jpg\" alt=\"14202565_1773792079541183_12796762107259887_n\" width=\"300\" height=\"226\" \/><\/a><\/p>\n<p>Die F\u00fchrung endete dann im Keltendorf, in dem verschiedene H\u00e4usertypen authentisch nachgebaut wurden und eine keltische Siedlung nachgestellt wurde.<\/p>\n<p><a href=\"http:\/\/heidenstammtisch-trier.de\/treverer\/wp-content\/uploads\/2016\/08\/14117745_1773792182874506_2012863223058396457_n.jpg\"><img loading=\"lazy\" decoding=\"async\" class=\"alignnone size-medium wp-image-470\" src=\"http:\/\/heidenstammtisch-trier.de\/treverer\/wp-content\/uploads\/2016\/08\/14117745_1773792182874506_2012863223058396457_n-300x225.jpg\" alt=\"14117745_1773792182874506_2012863223058396457_n\" width=\"300\" height=\"225\" \/><\/a><\/p>\n<p><a href=\"http:\/\/heidenstammtisch-trier.de\/treverer\/wp-content\/uploads\/2016\/08\/2016-08-27-16.05.35.jpg\"><img loading=\"lazy\" decoding=\"async\" class=\"alignnone size-medium wp-image-441\" src=\"http:\/\/heidenstammtisch-trier.de\/treverer\/wp-content\/uploads\/2016\/08\/2016-08-27-16.05.35-300x169.jpg\" alt=\"2016-08-27 16.05.35\" width=\"300\" height=\"169\" \/><\/a> <a href=\"http:\/\/heidenstammtisch-trier.de\/treverer\/wp-content\/uploads\/2016\/08\/2016-08-27-16.05.40.jpg\"><img loading=\"lazy\" decoding=\"async\" class=\"alignnone size-medium wp-image-442\" src=\"http:\/\/heidenstammtisch-trier.de\/treverer\/wp-content\/uploads\/2016\/08\/2016-08-27-16.05.40-300x169.jpg\" alt=\"2016-08-27 16.05.40\" width=\"300\" height=\"169\" \/><\/a><a href=\"http:\/\/heidenstammtisch-trier.de\/treverer\/wp-content\/uploads\/2016\/08\/14203095_1773792206207837_213417160510617673_n.jpg\"><img loading=\"lazy\" decoding=\"async\" class=\"alignnone size-medium wp-image-473\" src=\"http:\/\/heidenstammtisch-trier.de\/treverer\/wp-content\/uploads\/2016\/08\/14203095_1773792206207837_213417160510617673_n-300x225.jpg\" alt=\"14203095_1773792206207837_213417160510617673_n\" width=\"300\" height=\"225\" \/><\/a><a href=\"http:\/\/heidenstammtisch-trier.de\/treverer\/wp-content\/uploads\/2016\/08\/14088585_1773792289541162_8613334427929866380_n.jpg\"><img loading=\"lazy\" decoding=\"async\" class=\"alignnone size-medium wp-image-466\" src=\"http:\/\/heidenstammtisch-trier.de\/treverer\/wp-content\/uploads\/2016\/08\/14088585_1773792289541162_8613334427929866380_n-225x300.jpg\" alt=\"14088585_1773792289541162_8613334427929866380_n\" width=\"225\" height=\"300\" \/><\/a><\/p>\n<p>Nach der F\u00fchrung fuhren wir nach nunmehr sechs Stunden in der Hitze nun wieder in die Jugendherberge und die Zimmer wurden bezogen und das Abendessen in der Grillh\u00fctte vorbereitet.<\/p>\n<p><a href=\"http:\/\/heidenstammtisch-trier.de\/treverer\/wp-content\/uploads\/2016\/08\/2016-08-27-17.25.00.jpg\"><img loading=\"lazy\" decoding=\"async\" class=\"alignnone size-medium wp-image-444\" src=\"http:\/\/heidenstammtisch-trier.de\/treverer\/wp-content\/uploads\/2016\/08\/2016-08-27-17.25.00-300x169.jpg\" alt=\"2016-08-27 17.25.00\" width=\"300\" height=\"169\" \/><\/a><\/p>\n<p>Frisch gest\u00e4rkt nach Salaten, Grillfleisch, W\u00fcrstchen und Gem\u00fcsespie\u00dfen versuchten wir uns am Singen des ersten Merseburger Zauberspruchs &#8211; was garnicht so einfach ist &#8211; sich bei Siegfried aber einfach ph\u00e4nomenal angeh\u00f6rt hat. Das m\u00fcssen wir bei n\u00e4chster Gelegenheit mal wiederholen und vertiefen! Anschlie\u00dfend fuhren wir dann am Abend zu einem Platz um das Ritual zu feiern.<\/p>\n<p><a href=\"http:\/\/heidenstammtisch-trier.de\/treverer\/wp-content\/uploads\/2016\/08\/2016-08-27-20.22.13.jpg\"><img loading=\"lazy\" decoding=\"async\" class=\"alignnone size-medium wp-image-445\" src=\"http:\/\/heidenstammtisch-trier.de\/treverer\/wp-content\/uploads\/2016\/08\/2016-08-27-20.22.13-300x169.jpg\" alt=\"2016-08-27 20.22.13\" width=\"300\" height=\"169\" \/><\/a><\/p>\n<p>Nachdem der Platz gereinigt wurde haben drei Hornst\u00f6\u00dfe die Zeremonie er\u00f6ffnet. Sie wurde begonnen mit einer keltischen Platzweihe, der Anrufung der Nemetona. Dazu umrundete Dieter dreimal das Rund und sang die Anrufung. Ich folgte ihm und spritzte etwas Quellwasser in die Gemeinschaft.<\/p>\n<p>Es folgte eine Hammerweihe von Cornelis und anschlie\u00dfend die gemeinsame Feuerweihe von Astrid und Cornelis.<\/p>\n<p>Zum Beginn der Anrufung und Einladung der Wesenheiten wurde nun das Liedchen &#8222;<em>Kommt ihr Wesen<\/em>&#8220; gesungen. Danach wurden Anrufungen an Epona, Asen und Wanen, die Alben und die Ahnen gesprochen. Die Anrufung an Epona, welche im Treverer-Land eine sehr starke Verehrung erfuhr, wurde von Dieter vorgetragen. Es war eine sehr gef\u00fchlvolle Anrufung, zu der auch der ganze Kreis mitwirken konnte, in Form eines rekonstruierten neugallischen Antwortsatzes der lautete <span class=\"_5yl5\">&#8222;<em>\u00c9pona diruch adhith<\/em>&#8220; was &#8222;<em>Epona, Ehre Dir<\/em>&#8220; bedeutet<\/span>.<\/p>\n<p>Weiter ging es mit einer Speis-und Trankweihe. Anschlie\u00dfend wurde noch das Mehl geweiht mit dem das Julbrot gebacken wird.<\/p>\n<p>Nun wurde es nochmal keltisch und es wurde f\u00fcr die Gruppe ein Zeichen gelesen. Dazu hielt Dieter eine R\u00e4ucher-Schale in den Wind und wir verfolgten in welche Richtung der Rauch abzog. Als die Richtung klar war folgte ein Spruch f\u00fcr die Gruppe.<\/p>\n<p>Jetzt wurde gesumbelt. Astrid er\u00f6ffnete die erste Runde. Und es wurden viele mehr. Wie eigentlich immer ist das Sumbel das Herz des Rituals und besonders in den freien Runden sp\u00fcrt man die gelebte Gemeinschaft.<\/p>\n<p>Zur Beschlie\u00dfung wurde das Herdfeuerlied gesungen und schlie\u00dflich der Thingfrieden aufgehoben.<\/p>\n<p>M\u00fcde, vom anstrengenden aber sch\u00f6nen und lehrreichen Tag, machte man sich nun auf den Weg in die Jugendherberge oder auf den Heimweg.<\/p>\n<p>An dieser Stelle ein gro\u00dfes Dankesch\u00f6n an alle Teilnehmer f\u00fcr ein gelungenes und harmonisches Miteinander, an alle Mitwirkenden an der Ritualplanung, der Programmgestaltung, den Anbietern der Schlechtwetter-Alternativen, die wir ja gl\u00fccklicherweise nicht brauchten, der witzigen und kompetenten <a href=\"http:\/\/www.keltenring-otzenhausen.de\/fuehrungen\/ringwallfuehrung.html\">F\u00fchrerin<\/a> durch den Ringwall, den Mitarbeitern der <a href=\"https:\/\/www.diejugendherbergen.de\/jugendherbergen\/hermeskeil\/portrait\/?gclid=CMvo6ZH35c4CFYwW0wod9OIAaA\">Jugendherberge<\/a> und nicht zuletzt dem Vorstand des <a href=\"http:\/\/www.eldaring.de\">Eldaring e.V.<\/a> die uns immer beratend zur Seite gestanden haben und auch den R\u00fccken st\u00e4rkten als die Vorbereitung durch unerwartete Schwierigkeiten etwas ins Holpern kam.<\/p>\n","protected":false},"excerpt":{"rendered":"<p>Der Heidenstammtisch Trier hat das erste mal im Namen des Eldaring e.V. ein Wochenende mit Programm organisiert, das Hochwald-Thing. Wir begr\u00fc\u00dften die Teilnehmer am Eingang der Jugendherberge Hermeskeil am morgen und warteten bis alle gut gelaunt eingetroffen sind. Diese Jugendherberge machte einen tollen Eindruck, war beschaulich und gepflegt und die Mitarbeiter freundlich. Da wir ja &hellip; <a href=\"https:\/\/heidenstammtisch-trier.de\/treverer\/2016\/08\/29\/hochwald-thing-2016\/\" class=\"more-link\"><span class=\"screen-reader-text\">Hochwald-Thing 2016<\/span> weiterlesen <span class=\"meta-nav\">&rarr;<\/span><\/a><\/p>\n","protected":false},"author":2,"featured_media":426,"comment_status":"closed","ping_status":"open","sticky":false,"template":"","format":"standard","meta":{"footnotes":""},"categories":[2,9],"tags":[],"class_list":["post-1398","post","type-post","status-publish","format-standard","has-post-thumbnail","hentry","category-blotberichte","category-veranstaltungen"],"_links":{"self":[{"href":"https:\/\/heidenstammtisch-trier.de\/treverer\/wp-json\/wp\/v2\/posts\/1398","targetHints":{"allow":["GET"]}}],"collection":[{"href":"https:\/\/heidenstammtisch-trier.de\/treverer\/wp-json\/wp\/v2\/posts"}],"about":[{"href":"https:\/\/heidenstammtisch-trier.de\/treverer\/wp-json\/wp\/v2\/types\/post"}],"author":[{"embeddable":true,"href":"https:\/\/heidenstammtisch-trier.de\/treverer\/wp-json\/wp\/v2\/users\/2"}],"replies":[{"embeddable":true,"href":"https:\/\/heidenstammtisch-trier.de\/treverer\/wp-json\/wp\/v2\/comments?post=1398"}],"version-history":[{"count":0,"href":"https:\/\/heidenstammtisch-trier.de\/treverer\/wp-json\/wp\/v2\/posts\/1398\/revisions"}],"wp:featuredmedia":[{"embeddable":true,"href":"https:\/\/heidenstammtisch-trier.de\/treverer\/wp-json\/wp\/v2\/media\/426"}],"wp:attachment":[{"href":"https:\/\/heidenstammtisch-trier.de\/treverer\/wp-json\/wp\/v2\/media?parent=1398"}],"wp:term":[{"taxonomy":"category","embeddable":true,"href":"https:\/\/heidenstammtisch-trier.de\/treverer\/wp-json\/wp\/v2\/categories?post=1398"},{"taxonomy":"post_tag","embeddable":true,"href":"https:\/\/heidenstammtisch-trier.de\/treverer\/wp-json\/wp\/v2\/tags?post=1398"}],"curies":[{"name":"wp","href":"https:\/\/api.w.org\/{rel}","templated":true}]}}