{"id":403,"date":"2016-08-15T12:58:56","date_gmt":"2016-08-15T11:58:56","guid":{"rendered":"http:\/\/heidenstammtisch-trier.de\/?p=403"},"modified":"2016-08-15T12:58:56","modified_gmt":"2016-08-15T11:58:56","slug":"eheleite-sonja-und-dennis","status":"publish","type":"post","link":"https:\/\/heidenstammtisch-trier.de\/treverer\/2016\/08\/15\/eheleite-sonja-und-dennis\/","title":{"rendered":"Eheleite Sonja und Dennis"},"content":{"rendered":"<p><a href=\"http:\/\/heidenstammtisch-trier.de\/treverer\/wp-content\/uploads\/2016\/08\/2016-08-13-15.36.05.jpg\"><img loading=\"lazy\" decoding=\"async\" class=\"alignnone size-medium wp-image-415\" src=\"http:\/\/heidenstammtisch-trier.de\/treverer\/wp-content\/uploads\/2016\/08\/2016-08-13-15.36.05-300x169.jpg\" alt=\"2016-08-13 15.36.05\" width=\"300\" height=\"169\" \/><\/a><\/p>\n<p>Beim Heidenstammtisch Trier hatten wir am Samstag nun bereits das dritte Mal die Ehre und das Vergn\u00fcgen eine Eheleite zu feiern. Das tolle ist das alle drei Paare ihre jeweiligen Eheleiten anders feierten und interpretierten und so deutlich wurde das hier kein liturgisches Programm abl\u00e4uft, sondern solche Feste individuell an das Brautpaar, den Platz und an die G\u00e4ste (nicht nur an die menschlichen) angepasst werden.<\/p>\n<p>Nun m\u00f6chte ich aber von dem tollen Hochzeitsfest am vergangenen Wochenende berichten. Wir wurden zu einen etwas abseits gelegenen Platz in Trier-Olewig eingeladen. Das Wetter war toll, wir hatten strahlenden Sonnenschein und es war warm.<\/p>\n<p>Als wir den Platz erreichten musste ich mich wieder fragen wo immer alle diese tollen Pl\u00e4tze finden. Es war eine Wiese, von einem kleinen Bach eingerahmt mit einer H\u00fctte, dazu wurde ein gro\u00dfes Zelt aufgebaut. In der Mitte um einen Baum war der Bl\u00f3tplatz mit Altar platziert.<\/p>\n<p><a href=\"http:\/\/heidenstammtisch-trier.de\/treverer\/wp-content\/uploads\/2016\/08\/2016-08-13-15.35.25.jpg\"><img loading=\"lazy\" decoding=\"async\" class=\"alignnone size-medium wp-image-413\" src=\"http:\/\/heidenstammtisch-trier.de\/treverer\/wp-content\/uploads\/2016\/08\/2016-08-13-15.35.25-300x169.jpg\" alt=\"2016-08-13 15.35.25\" width=\"300\" height=\"169\" \/><\/a><\/p>\n<p><a href=\"http:\/\/heidenstammtisch-trier.de\/treverer\/wp-content\/uploads\/2016\/08\/IMG-20160814-WA00011.jpg\"><img loading=\"lazy\" decoding=\"async\" class=\"alignnone size-medium wp-image-404\" src=\"http:\/\/heidenstammtisch-trier.de\/treverer\/wp-content\/uploads\/2016\/08\/IMG-20160814-WA00011-300x225.jpg\" alt=\"IMG-20160814-WA0001[1]\" width=\"300\" height=\"225\" \/><\/a> <a href=\"http:\/\/heidenstammtisch-trier.de\/treverer\/wp-content\/uploads\/2016\/08\/IMG-20160814-WA00531.jpg\"><img loading=\"lazy\" decoding=\"async\" class=\"alignnone size-medium wp-image-405\" src=\"http:\/\/heidenstammtisch-trier.de\/treverer\/wp-content\/uploads\/2016\/08\/IMG-20160814-WA00531-300x225.jpg\" alt=\"IMG-20160814-WA0053[1]\" width=\"300\" height=\"225\" \/><\/a><\/p>\n<p>Drumherum waren mit Decken abgedeckte Heuballen und Bierb\u00e4nke aufgestellt.<\/p>\n<p>Der Platz und die Herrichtung strahlten eine unglaubliche Gem\u00fctlichkeit und Entspanntheit aus.<\/p>\n<p>P\u00fcnktlich wurde von Marius, welcher die Eheleite leiten durfte, mit einem Rufhorn zur Zeremonie gerufen. Ein Unterschied zu den bisherigen Hochzeiten war allerdings das es hier nicht die klassischen Kreise gab, sondern die G\u00e4ste verteilten sich auf die Heuballen und Bierb\u00e4nke, die ja um den Bl\u00f3tplatz verteilt waren. Um das Feuer herum sa\u00dfen das Brautpaar und der engste Familienkreis.<\/p>\n<p>Marius begann mit dem Hammerritual und der Feuerweihe. Anschlie\u00dfend wurden vom Brautpaar und aus dem Kreis der Familie und Freunde des Brautpaars G\u00f6tter, Ahnen und Wesenheiten zum Fest eingeladen. Es folgte das Speis \u2013 und Trankopfer. Nach dem Trankopfer, welches in einem sehr imposanten Horn zelebriert wurde, folgte eine Sumbelrunde im engen Familienkreis des Brautpaars. Nun ist es ja immer sehr interessant wenn Familienmitglieder, die mit dem Heidentum nicht viel zu tun haben, bzw. noch keine Ber\u00fchrungspunkte damit hatten, in so ein Ritual mit einbezogen werden. Die Familien des Brautpaares allerdings hatten keinerlei Ber\u00fchrungs\u00e4ngste und jeder aus dem Kreis hat dem Brautpaar sehr sch\u00f6ne und ber\u00fchrende Segensw\u00fcnsche mit in die Ehe gegeben.<\/p>\n<p>Nun waren die beiden aber selbst dran und das Brautpaar begann mit ihren Ehelgel\u00fcbden. In diesen Ehelgel\u00fcbden erz\u00e4hlten sie auch auf eine ehrliche, humorige und ber\u00fchrende Weise von ihrem kennenlernen und dem Wachsen der Beziehung und der Gef\u00fchle zueinander. Die G\u00e4ste waren zwischen Lachen und Tr\u00e4nen hin &#8211; und hergerissen.<\/p>\n<p><a href=\"http:\/\/heidenstammtisch-trier.de\/treverer\/wp-content\/uploads\/2016\/08\/IMG-20160815-WA00971-e1471261699899.jpg\"><img loading=\"lazy\" decoding=\"async\" class=\"alignnone size-medium wp-image-409\" src=\"http:\/\/heidenstammtisch-trier.de\/treverer\/wp-content\/uploads\/2016\/08\/IMG-20160815-WA00971-e1471261699899-200x300.jpg\" alt=\"IMG-20160815-WA0097[1]\" width=\"200\" height=\"300\" \/><\/a><\/p>\n<p>Nun folgte ein weiterer gro\u00dfer Unterschied zu den bisherigen Eheleiten unserer Gruppe. Statt einer klassischen Ringweihe setzte sich das Brautpaar an einen kleinen Nebenaltar der bereits entsprechend vorbereitet war und sie t\u00e4towierten sich gegenseitig ein Ring auf den Finger des anderen. In dieser Zeit gingen K\u00f6rbchen mit Zetteln und Stiften durch die G\u00e4stereihen, mit der Bitte dort die W\u00fcnsche f\u00fcr die Ehe niederzuschreiben.<\/p>\n<p><a href=\"http:\/\/heidenstammtisch-trier.de\/treverer\/wp-content\/uploads\/2016\/08\/2016-08-13-15.35.59.jpg\"><img loading=\"lazy\" decoding=\"async\" class=\"alignnone size-medium wp-image-414\" src=\"http:\/\/heidenstammtisch-trier.de\/treverer\/wp-content\/uploads\/2016\/08\/2016-08-13-15.35.59-300x169.jpg\" alt=\"2016-08-13 15.35.59\" width=\"300\" height=\"169\" \/><\/a> <a href=\"http:\/\/heidenstammtisch-trier.de\/treverer\/wp-content\/uploads\/2016\/08\/IMG-20160815-WA00631.jpg\"><img loading=\"lazy\" decoding=\"async\" class=\"alignnone size-medium wp-image-407\" src=\"http:\/\/heidenstammtisch-trier.de\/treverer\/wp-content\/uploads\/2016\/08\/IMG-20160815-WA00631-300x200.jpg\" alt=\"IMG-20160815-WA0063[1]\" width=\"300\" height=\"200\" \/><\/a><\/p>\n<p>Als die beiden fertig waren, \u00fcbergab Marius die nun eingesammelten Zettel mit den Segensw\u00fcnschen der G\u00e4ste dem Feuer mit der Bitte an die G\u00f6tter und Ahnen diesen niedergeschriebenen W\u00fcnschen ihre Aufmerksamkeit und Hilfe zu bieten.<\/p>\n<p>Anschlie\u00dfend wurde die Zeremonie beendet und es begann das gem\u00fctliche Gelage mit der Familie und den Freunden!<\/p>\n<p><a href=\"http:\/\/heidenstammtisch-trier.de\/treverer\/wp-content\/uploads\/2016\/08\/IMG-20160815-WA00831.jpg\"><img loading=\"lazy\" decoding=\"async\" class=\"alignnone size-medium wp-image-408\" src=\"http:\/\/heidenstammtisch-trier.de\/treverer\/wp-content\/uploads\/2016\/08\/IMG-20160815-WA00831-200x300.jpg\" alt=\"IMG-20160815-WA0083[1]\" width=\"200\" height=\"300\" \/><\/a> <a href=\"http:\/\/heidenstammtisch-trier.de\/treverer\/wp-content\/uploads\/2016\/08\/2016-08-13-16.35.17.jpg\"><img loading=\"lazy\" decoding=\"async\" class=\"alignnone size-medium wp-image-416\" src=\"http:\/\/heidenstammtisch-trier.de\/treverer\/wp-content\/uploads\/2016\/08\/2016-08-13-16.35.17-300x169.jpg\" alt=\"2016-08-13 16.35.17\" width=\"300\" height=\"169\" \/><\/a><\/p>\n<p>Ich w\u00fcnsche den beiden hier nochmals im Namen des Heidenstammtisch Trier alles Gute f\u00fcr ihre Ehe und das sie sich ihre Verliebtheit immer bewahren!<\/p>\n","protected":false},"excerpt":{"rendered":"<p>Beim Heidenstammtisch Trier hatten wir am Samstag nun bereits das dritte Mal die Ehre und das Vergn\u00fcgen eine Eheleite zu feiern. Das tolle ist das alle drei Paare ihre jeweiligen Eheleiten anders feierten und interpretierten und so deutlich wurde das hier kein liturgisches Programm abl\u00e4uft, sondern solche Feste individuell an das Brautpaar, den Platz und &hellip; <a href=\"https:\/\/heidenstammtisch-trier.de\/treverer\/2016\/08\/15\/eheleite-sonja-und-dennis\/\" class=\"more-link\"><span class=\"screen-reader-text\">Eheleite Sonja und Dennis<\/span> weiterlesen <span class=\"meta-nav\">&rarr;<\/span><\/a><\/p>\n","protected":false},"author":1,"featured_media":418,"comment_status":"closed","ping_status":"open","sticky":false,"template":"","format":"standard","meta":{"footnotes":""},"categories":[2],"tags":[],"class_list":["post-403","post","type-post","status-publish","format-standard","has-post-thumbnail","hentry","category-blotberichte"],"_links":{"self":[{"href":"https:\/\/heidenstammtisch-trier.de\/treverer\/wp-json\/wp\/v2\/posts\/403","targetHints":{"allow":["GET"]}}],"collection":[{"href":"https:\/\/heidenstammtisch-trier.de\/treverer\/wp-json\/wp\/v2\/posts"}],"about":[{"href":"https:\/\/heidenstammtisch-trier.de\/treverer\/wp-json\/wp\/v2\/types\/post"}],"author":[{"embeddable":true,"href":"https:\/\/heidenstammtisch-trier.de\/treverer\/wp-json\/wp\/v2\/users\/1"}],"replies":[{"embeddable":true,"href":"https:\/\/heidenstammtisch-trier.de\/treverer\/wp-json\/wp\/v2\/comments?post=403"}],"version-history":[{"count":0,"href":"https:\/\/heidenstammtisch-trier.de\/treverer\/wp-json\/wp\/v2\/posts\/403\/revisions"}],"wp:featuredmedia":[{"embeddable":true,"href":"https:\/\/heidenstammtisch-trier.de\/treverer\/wp-json\/wp\/v2\/media\/418"}],"wp:attachment":[{"href":"https:\/\/heidenstammtisch-trier.de\/treverer\/wp-json\/wp\/v2\/media?parent=403"}],"wp:term":[{"taxonomy":"category","embeddable":true,"href":"https:\/\/heidenstammtisch-trier.de\/treverer\/wp-json\/wp\/v2\/categories?post=403"},{"taxonomy":"post_tag","embeddable":true,"href":"https:\/\/heidenstammtisch-trier.de\/treverer\/wp-json\/wp\/v2\/tags?post=403"}],"curies":[{"name":"wp","href":"https:\/\/api.w.org\/{rel}","templated":true}]}}