{"id":492,"date":"2016-11-22T01:03:08","date_gmt":"2016-11-22T00:03:08","guid":{"rendered":"http:\/\/heidenstammtisch-trier.de\/?p=492"},"modified":"2016-11-22T01:03:08","modified_gmt":"2016-11-22T00:03:08","slug":"ahnenfest-winternacht-samhain-2016","status":"publish","type":"post","link":"https:\/\/heidenstammtisch-trier.de\/treverer\/2016\/11\/22\/ahnenfest-winternacht-samhain-2016\/","title":{"rendered":"Ahnenfest\/ Winternacht\/ Samhain 2016"},"content":{"rendered":"<p>Text von Vanessa und Tristan<\/p>\n<p>Am 29.10.2016 veranstalteten wir wieder ein Bl\u00f3t, im Namen des Heidenstammtischs Trier. Dieses fand in Aach, in einem Waldst\u00fcck statt, wo die Natur wieder ihr Bestes gegeben\u00a0 hat.<\/p>\n<p>Wir trafen uns um 18 Uhr und gingen dann gemeinsam mit einer Gruppe von 8 Personen zum Bl\u00f3tplatz. Dort angekommen schaute man auf einen Sandsteinberg der den Ritualplatz sch\u00fctzend umgab. Am unteren Rand dieses sch\u00fctzenden \u201eWalls\u201c befand sich ein Steinvorsprung , an der Seite stand ein gro\u00dfer Opferfelsen , den wir als Altar verwenden wollten, in der Mitte befand sich au\u00dferdem eine Feuerstelle.<\/p>\n<p>Passend zur Winterzeit setzte die Abendd\u00e4mmerung ein und wir richteten unseren Bl\u00f3tplatz her. Wir begannen mit dem Altar, Kerzen wurden darauf und in der Umgebung aufgestellt, Opfergaben wurden davor abgelegt, alles fand seinen Platz , Horn, Met, Salz , Hefe , R\u00e4ucherwerk usw.<\/p>\n<p><a href=\"http:\/\/heidenstammtisch-trier.de\/treverer\/wp-content\/uploads\/2016\/11\/2016-10-29-18.31.11.jpg\"><img loading=\"lazy\" decoding=\"async\" class=\"alignnone size-medium wp-image-501\" src=\"http:\/\/heidenstammtisch-trier.de\/treverer\/wp-content\/uploads\/2016\/11\/2016-10-29-18.31.11-300x169.jpg\" alt=\"2016-10-29-18-31-11\" width=\"300\" height=\"169\" \/><\/a> <a href=\"http:\/\/heidenstammtisch-trier.de\/treverer\/wp-content\/uploads\/2016\/11\/2016-10-29-18.31.22.jpg\"><img loading=\"lazy\" decoding=\"async\" class=\"alignnone size-medium wp-image-502\" src=\"http:\/\/heidenstammtisch-trier.de\/treverer\/wp-content\/uploads\/2016\/11\/2016-10-29-18.31.22-300x169.jpg\" alt=\"2016-10-29-18-31-22\" width=\"300\" height=\"169\" \/><\/a> <a href=\"http:\/\/heidenstammtisch-trier.de\/treverer\/wp-content\/uploads\/2016\/11\/2016-10-29-18.31.50.jpg\"><img loading=\"lazy\" decoding=\"async\" class=\"alignnone size-medium wp-image-503\" src=\"http:\/\/heidenstammtisch-trier.de\/treverer\/wp-content\/uploads\/2016\/11\/2016-10-29-18.31.50-300x169.jpg\" alt=\"2016-10-29-18-31-50\" width=\"300\" height=\"169\" \/><\/a> <a href=\"http:\/\/heidenstammtisch-trier.de\/treverer\/wp-content\/uploads\/2016\/11\/2016-10-29-18.30.13.jpg\"><img loading=\"lazy\" decoding=\"async\" class=\"alignnone size-medium wp-image-496\" src=\"http:\/\/heidenstammtisch-trier.de\/treverer\/wp-content\/uploads\/2016\/11\/2016-10-29-18.30.13-300x169.jpg\" alt=\"2016-10-29-18-30-13\" width=\"300\" height=\"169\" \/><\/a><\/p>\n<p>Um die Feuerstelle wurden vier Runen in Lage der Himmelsrichtung gelegt.<\/p>\n<p>Die Bl\u00f3tleitung wurde von Daniel \u00fcbernommen, der mit der Hammerweihe begann. Danach wurde der Bl\u00f3t-Kreis geschlossen und es erfolgte die Feuerweihe welche von Tristan vollzogen wurde. W\u00e4hrend dieser Weihe wurde besonderes Augenmerk auf das Licht und die W\u00e4rme des Feuers als Wegweiser f\u00fcr unsere Ahnen gelegt, sodass sie den Weg durch die dunkle Jahreszeit in unseren Kreis finden m\u00f6gen. Nach der Feuerweihe entz\u00fcndeten wir drei Fackeln, eine f\u00fcr Asgard, eine f\u00fcr Mitgard und eine f\u00fcr Utgard. Jeder \u201eFackeltr\u00e4ger\u201c verlor ein paar passende Worte \u00fcber jene Welt die seine Fackel symbolisierte w\u00e4hrend er diese entz\u00fcndete.<\/p>\n<p><a href=\"http:\/\/heidenstammtisch-trier.de\/treverer\/wp-content\/uploads\/2016\/11\/2016-10-29-19.29.46.jpg\"><img loading=\"lazy\" decoding=\"async\" class=\"alignnone size-medium wp-image-505\" src=\"http:\/\/heidenstammtisch-trier.de\/treverer\/wp-content\/uploads\/2016\/11\/2016-10-29-19.29.46-300x169.jpg\" alt=\"2016-10-29-19-29-46\" width=\"300\" height=\"169\" \/><\/a><\/p>\n<p>Anschlie\u00dfend wurden die G\u00f6tter, Ahnen und Wesenheiten des Platzes eingeladen um mit uns dieses Fest zu durchschreiten. Als\u00a0 Gottheiten f\u00fcr dieses Fest wurde Wodan, Holle, Heimdall und Hel angerufen, f\u00fcr letztere opferten wir Absinth, um sie willkommen zu hei\u00dfen in unserem Kreis. Nachdem die Bl\u00f3tleitung allgemeine Einladungen ausrief, wurden wie es Brauch in unserer Gruppe ist, reihum pers\u00f6nliche Einladungen sowohl auf einzelne Gottheiten als auch bestimmte Ahnen ausgesprochen. Gefolgt vom Speisopfer, das dieses mal ein Brot in Form eines Pferdes war, welches unsere Sorgen, Anliegen und Gedanken durch die Welten tragen sollte. <em>(Anmerkung von Daniel: Erw\u00e4hnen sollte man noch das Trankopfer. Wir haben diesmal nur Viez (regionale Variante des Apfelweins) und Apfelsaft, statt wie \u00fcblich Met, verwendet und das Trankopfer Idunna geweiht<\/em>)<\/p>\n<p><a href=\"http:\/\/heidenstammtisch-trier.de\/treverer\/wp-content\/uploads\/2016\/11\/2016-10-29-18.29.36.jpg\"><img loading=\"lazy\" decoding=\"async\" class=\"alignnone size-medium wp-image-493\" src=\"http:\/\/heidenstammtisch-trier.de\/treverer\/wp-content\/uploads\/2016\/11\/2016-10-29-18.29.36-300x169.jpg\" alt=\"2016-10-29-18-29-36\" width=\"300\" height=\"169\" \/><\/a><\/p>\n<p>Nach dem Speisopfer wurde in vier Sumbelrunden das Horn auf die G\u00f6tter\/ Ahnen\/ Wesenheiten des Platzes und auf unsere Gruppe erhoben, gefolgt von ca. f\u00fcnf pers\u00f6nlicheren Runden. Anschlie\u00dfend beendeten wir das Bl\u00f3t und bedankten uns f\u00fcr den Schutz den Thor uns und diesem Platz gew\u00e4hrt hat. Das Feuer lie\u00dfen wir noch etwas brennen und schauten noch eine Weile nachdenklich in die umhertanzenden Flammen, bis wir dann schlie\u00dflich wieder in den Alltag zur\u00fcckkehrten.<\/p>\n<p><a href=\"http:\/\/heidenstammtisch-trier.de\/treverer\/wp-content\/uploads\/2016\/11\/2016-10-29-19.30.12.jpg\"><img loading=\"lazy\" decoding=\"async\" class=\"alignnone size-medium wp-image-506\" src=\"http:\/\/heidenstammtisch-trier.de\/treverer\/wp-content\/uploads\/2016\/11\/2016-10-29-19.30.12-300x169.jpg\" alt=\"2016-10-29-19-30-12\" width=\"300\" height=\"169\" \/><\/a> <a href=\"http:\/\/heidenstammtisch-trier.de\/treverer\/wp-content\/uploads\/2016\/11\/2016-10-29-19.30.22.jpg\"><img loading=\"lazy\" decoding=\"async\" class=\"alignnone size-medium wp-image-507\" src=\"http:\/\/heidenstammtisch-trier.de\/treverer\/wp-content\/uploads\/2016\/11\/2016-10-29-19.30.22-300x169.jpg\" alt=\"2016-10-29-19-30-22\" width=\"300\" height=\"169\" \/><\/a><\/p>\n<p>Durch den Sandstein\u00fcberhang blieb es am Feuer mollig warm, sodass wir noch weiter Minuten ums Feuer herum stehen\u00a0 konnten um uns zu unterhalten, bis wir dann letztendlich das Feuer l\u00f6schten und den Kreis \u00f6ffneten.<\/p>\n<p>Es war wie immer ein sehr sch\u00f6nes behagliches aber auch nachdenkliches Bl\u00f3t, an einem der wundersch\u00f6nsten und meines Erachtens spirituellsten Pl\u00e4tze die ich je kennen lernen durfte, bei dem das Gef\u00fchl von Anfang an gestimmt hat.<\/p>\n<p>&nbsp;<\/p>\n","protected":false},"excerpt":{"rendered":"<p>Text von Vanessa und Tristan Am 29.10.2016 veranstalteten wir wieder ein Bl\u00f3t, im Namen des Heidenstammtischs Trier. Dieses fand in Aach, in einem Waldst\u00fcck statt, wo die Natur wieder ihr Bestes gegeben\u00a0 hat. Wir trafen uns um 18 Uhr und gingen dann gemeinsam mit einer Gruppe von 8 Personen zum Bl\u00f3tplatz. Dort angekommen schaute man &hellip; <a href=\"https:\/\/heidenstammtisch-trier.de\/treverer\/2016\/11\/22\/ahnenfest-winternacht-samhain-2016\/\" class=\"more-link\"><span class=\"screen-reader-text\">Ahnenfest\/ Winternacht\/ Samhain 2016<\/span> weiterlesen <span class=\"meta-nav\">&rarr;<\/span><\/a><\/p>\n","protected":false},"author":1,"featured_media":502,"comment_status":"closed","ping_status":"open","sticky":false,"template":"","format":"standard","meta":{"footnotes":""},"categories":[2],"tags":[],"class_list":["post-492","post","type-post","status-publish","format-standard","has-post-thumbnail","hentry","category-blotberichte"],"_links":{"self":[{"href":"https:\/\/heidenstammtisch-trier.de\/treverer\/wp-json\/wp\/v2\/posts\/492","targetHints":{"allow":["GET"]}}],"collection":[{"href":"https:\/\/heidenstammtisch-trier.de\/treverer\/wp-json\/wp\/v2\/posts"}],"about":[{"href":"https:\/\/heidenstammtisch-trier.de\/treverer\/wp-json\/wp\/v2\/types\/post"}],"author":[{"embeddable":true,"href":"https:\/\/heidenstammtisch-trier.de\/treverer\/wp-json\/wp\/v2\/users\/1"}],"replies":[{"embeddable":true,"href":"https:\/\/heidenstammtisch-trier.de\/treverer\/wp-json\/wp\/v2\/comments?post=492"}],"version-history":[{"count":0,"href":"https:\/\/heidenstammtisch-trier.de\/treverer\/wp-json\/wp\/v2\/posts\/492\/revisions"}],"wp:featuredmedia":[{"embeddable":true,"href":"https:\/\/heidenstammtisch-trier.de\/treverer\/wp-json\/wp\/v2\/media\/502"}],"wp:attachment":[{"href":"https:\/\/heidenstammtisch-trier.de\/treverer\/wp-json\/wp\/v2\/media?parent=492"}],"wp:term":[{"taxonomy":"category","embeddable":true,"href":"https:\/\/heidenstammtisch-trier.de\/treverer\/wp-json\/wp\/v2\/categories?post=492"},{"taxonomy":"post_tag","embeddable":true,"href":"https:\/\/heidenstammtisch-trier.de\/treverer\/wp-json\/wp\/v2\/tags?post=492"}],"curies":[{"name":"wp","href":"https:\/\/api.w.org\/{rel}","templated":true}]}}