{"id":515,"date":"2016-12-21T08:57:24","date_gmt":"2016-12-21T07:57:24","guid":{"rendered":"http:\/\/heidenstammtisch-trier.de\/?p=515"},"modified":"2016-12-21T08:57:24","modified_gmt":"2016-12-21T07:57:24","slug":"der-heidenstammtisch-trier-wuenscht","status":"publish","type":"post","link":"https:\/\/heidenstammtisch-trier.de\/treverer\/2016\/12\/21\/der-heidenstammtisch-trier-wuenscht\/","title":{"rendered":"Der Heidenstammtisch Trier w\u00fcnscht&#8230;"},"content":{"rendered":"<p>&#8230; allen Mitgliedern und Freunden ein sch\u00f6nes Julfest, eine tolle Wintersonnenwende und ruhige und besinnliche Rauhn\u00e4chte!<\/p>\n<p>Wir bringen nun ein bewegtes Jahr zu Ende. Jeder bringt wichtige Kapitel zum Abschluss, oder beginnt neue. F\u00fcr jeden steht das scheidenende Jahr f\u00fcr mehr oder weniger gro\u00dfe Ver\u00e4nderungen. Gerade in unserer Gruppe standen oder stehen viele pers\u00f6nliche Ver\u00e4nderungen an. Auch als Heidenstammtisch sind wir einen neuen Weg gegangen in dem wir zum Beispiel das Hochwald-Thing veranstaltet haben.<\/p>\n<p>Auch ganz allgemein ist das Jahr ein schwieriges Jahr gewesen und es sind weltweit Dinge geschehen und Entwicklungen vonstatten-gegangen die uns durchaus allen Sorgen bereiten. Wir denken beim Ahnengedenken zum Julfest und den Rauhn\u00e4chten auch an die, die dieses Jahres von uns gegangen sind. Sei es ob sie uns pers\u00f6nlich bekannt waren, ob sie Idole von uns waren (denn auch solche sind dieses Jahr sehr viele gestorben), ob sie Opfer des Terrors, des Krieges, Verbrechen oder politischer Entwicklungen waren. Hegen wir die Hoffnung, dass das n\u00e4chste Jahr insgesamt friedlicher wird.<\/p>\n<p>Positives beginnt aber im kleinen. Bei jedem selbst und auch in unserer Gruppe. Uns ist es bisher gelungen Offenheit zu demonstrieren und trotz pers\u00f6nlicher und religi\u00f6ser, bzw. spiritueller Unterschiede zusammenzuhalten und den Heidenstammtisch so zu einem Ort des lebendigen Austauschs und des gelebten Heidentums zu machen. Diesen Gedanken und diese Motivation\u00a0 m\u00fcssen und werden wir weiter f\u00fchren.<\/p>\n<p>Ich freue mich auf das n\u00e4chste Jahr mit dem Heidenstammtisch Trier, auf den Austausch, die bekannten und neue Gesichter!<\/p>\n<p>Daniel<\/p>\n<p>&nbsp;<\/p>\n","protected":false},"excerpt":{"rendered":"<p>&#8230; allen Mitgliedern und Freunden ein sch\u00f6nes Julfest, eine tolle Wintersonnenwende und ruhige und besinnliche Rauhn\u00e4chte! Wir bringen nun ein bewegtes Jahr zu Ende. Jeder bringt wichtige Kapitel zum Abschluss, oder beginnt neue. F\u00fcr jeden steht das scheidenende Jahr f\u00fcr mehr oder weniger gro\u00dfe Ver\u00e4nderungen. Gerade in unserer Gruppe standen oder stehen viele pers\u00f6nliche Ver\u00e4nderungen &hellip; <a href=\"https:\/\/heidenstammtisch-trier.de\/treverer\/2016\/12\/21\/der-heidenstammtisch-trier-wuenscht\/\" class=\"more-link\"><span class=\"screen-reader-text\">Der Heidenstammtisch Trier w\u00fcnscht&#8230;<\/span> weiterlesen <span class=\"meta-nav\">&rarr;<\/span><\/a><\/p>\n","protected":false},"author":1,"featured_media":280,"comment_status":"closed","ping_status":"open","sticky":false,"template":"","format":"standard","meta":{"footnotes":""},"categories":[10],"tags":[],"class_list":["post-515","post","type-post","status-publish","format-standard","has-post-thumbnail","hentry","category-verlautbarungen"],"_links":{"self":[{"href":"https:\/\/heidenstammtisch-trier.de\/treverer\/wp-json\/wp\/v2\/posts\/515","targetHints":{"allow":["GET"]}}],"collection":[{"href":"https:\/\/heidenstammtisch-trier.de\/treverer\/wp-json\/wp\/v2\/posts"}],"about":[{"href":"https:\/\/heidenstammtisch-trier.de\/treverer\/wp-json\/wp\/v2\/types\/post"}],"author":[{"embeddable":true,"href":"https:\/\/heidenstammtisch-trier.de\/treverer\/wp-json\/wp\/v2\/users\/1"}],"replies":[{"embeddable":true,"href":"https:\/\/heidenstammtisch-trier.de\/treverer\/wp-json\/wp\/v2\/comments?post=515"}],"version-history":[{"count":0,"href":"https:\/\/heidenstammtisch-trier.de\/treverer\/wp-json\/wp\/v2\/posts\/515\/revisions"}],"wp:featuredmedia":[{"embeddable":true,"href":"https:\/\/heidenstammtisch-trier.de\/treverer\/wp-json\/wp\/v2\/media\/280"}],"wp:attachment":[{"href":"https:\/\/heidenstammtisch-trier.de\/treverer\/wp-json\/wp\/v2\/media?parent=515"}],"wp:term":[{"taxonomy":"category","embeddable":true,"href":"https:\/\/heidenstammtisch-trier.de\/treverer\/wp-json\/wp\/v2\/categories?post=515"},{"taxonomy":"post_tag","embeddable":true,"href":"https:\/\/heidenstammtisch-trier.de\/treverer\/wp-json\/wp\/v2\/tags?post=515"}],"curies":[{"name":"wp","href":"https:\/\/api.w.org\/{rel}","templated":true}]}}