{"id":577,"date":"2017-03-26T09:02:12","date_gmt":"2017-03-26T08:02:12","guid":{"rendered":"http:\/\/heidenstammtisch-trier.de\/?p=577"},"modified":"2017-03-26T09:02:12","modified_gmt":"2017-03-26T08:02:12","slug":"ostara-2017","status":"publish","type":"post","link":"https:\/\/heidenstammtisch-trier.de\/treverer\/2017\/03\/26\/ostara-2017\/","title":{"rendered":"Ostara 2017"},"content":{"rendered":"<p>Unser Ostara-Fest begann abenteuerlich. Wir wollten zu unserem Bl\u00f3tplatz mit dem \u00fcberh\u00e4ngenden Felsen. Auf dem Weg dorthin standen wir allerdings pl\u00f6tzlich mitten im Wald vor einer Sperrung wegen Baumf\u00e4llarbeiten. Nach einem kurzen Moment der Ratlosigkeit fanden wir allerding nicht weit entfernt eine Schutzh\u00fctte. Diese H\u00fctte und der Platz davor waren f\u00fcr unser Fest ebenso gut geeignet und wir machten uns voller Vorfreude an die Vorbereitungen.<\/p>\n<p><a href=\"http:\/\/heidenstammtisch-trier.de\/treverer\/wp-content\/uploads\/2017\/03\/2017-03-25-19.18.21.jpg\"><img loading=\"lazy\" decoding=\"async\" class=\"alignnone size-medium wp-image-569\" src=\"http:\/\/heidenstammtisch-trier.de\/treverer\/wp-content\/uploads\/2017\/03\/2017-03-25-19.18.21-300x169.jpg\" alt=\"\" width=\"300\" height=\"169\" \/><\/a><\/p>\n<p>Nachdem die Vorbereitungen, wie z.B. den Winter aus St\u00f6cken und Stroh bauen, abgeschlossen und der Altar und die H\u00fctte geschm\u00fcckt waren, schritten wir mit Dieter den Bl\u00f3tplatz dreimal ab um den Platz der Nemetona zu weihen.<\/p>\n<p><a href=\"http:\/\/heidenstammtisch-trier.de\/treverer\/wp-content\/uploads\/2017\/03\/2017-03-25-19.17.41.jpg\"><img loading=\"lazy\" decoding=\"async\" class=\"alignnone size-medium wp-image-566\" src=\"http:\/\/heidenstammtisch-trier.de\/treverer\/wp-content\/uploads\/2017\/03\/2017-03-25-19.17.41-300x169.jpg\" alt=\"\" width=\"300\" height=\"169\" \/><\/a> <a href=\"http:\/\/heidenstammtisch-trier.de\/treverer\/wp-content\/uploads\/2017\/03\/2017-03-25-19.17.14.jpg\"><img loading=\"lazy\" decoding=\"async\" class=\"alignnone size-medium wp-image-565\" src=\"http:\/\/heidenstammtisch-trier.de\/treverer\/wp-content\/uploads\/2017\/03\/2017-03-25-19.17.14-300x169.jpg\" alt=\"\" width=\"300\" height=\"169\" \/><\/a> <a href=\"http:\/\/heidenstammtisch-trier.de\/treverer\/wp-content\/uploads\/2017\/03\/2017-03-25-19.17.55.jpg\"><img loading=\"lazy\" decoding=\"async\" class=\"alignnone size-medium wp-image-567\" src=\"http:\/\/heidenstammtisch-trier.de\/treverer\/wp-content\/uploads\/2017\/03\/2017-03-25-19.17.55-300x169.jpg\" alt=\"\" width=\"300\" height=\"169\" \/><\/a>\u00a0 <a href=\"http:\/\/heidenstammtisch-trier.de\/treverer\/wp-content\/uploads\/2017\/03\/2017-03-25-19.29.25.jpg\"><img loading=\"lazy\" decoding=\"async\" class=\"alignnone size-medium wp-image-573\" src=\"http:\/\/heidenstammtisch-trier.de\/treverer\/wp-content\/uploads\/2017\/03\/2017-03-25-19.29.25-300x169.jpg\" alt=\"\" width=\"300\" height=\"169\" \/><\/a> <a href=\"http:\/\/heidenstammtisch-trier.de\/treverer\/wp-content\/uploads\/2017\/03\/2017-03-25-19.28.51.jpg\"><img loading=\"lazy\" decoding=\"async\" class=\"alignnone size-medium wp-image-571\" src=\"http:\/\/heidenstammtisch-trier.de\/treverer\/wp-content\/uploads\/2017\/03\/2017-03-25-19.28.51-300x169.jpg\" alt=\"\" width=\"300\" height=\"169\" \/><\/a><\/p>\n<p>Cornelis f\u00fchrte dann seine eindrucksvolle Hammerweihe durch und Erinn weihte das Feuer mit Salz und Hefe. Anschlie\u00dfend entz\u00fcndeten wir unsere drei Fackeln am geweihten Feuer.<\/p>\n<p>Nun war es an der Zeit die G\u00f6tter, Ahnen und Wesenheiten einzuladen. Tristan begann mit Ostara, ich rief Nerthus und Cornelis rief Freyr und Gerda an und bekr\u00e4ftigte diese Anrufung durch den Vortrag eines selbstgeschriebenen Liedes. Nach der Anrufung weiterer germanischer und keltischer Gottheiten rundeten wir die Anrufungen durch das Singen des kurzen Liedes &#8222;Kommt ihr Wesen&#8220; ab.<\/p>\n<p>Jetzt wo alle wohlgesonnenen Wesen eingeladen waren, konnten wir also auch das Brot teilen, f\u00fchrten das Speisopfer durch und Tristan weihte die H\u00f6rner mit Viez und Apfelsaft der Idunna. Astrid f\u00fchrte noch ein privates Trankopfer f\u00fcr ihre Ahnen durch mit starkem und vom Vater gebrannten Trauben-Honigbrand, was sich sehr stimmig in das ganze Ritual einf\u00fcgte.<\/p>\n<p>Da Ostara ein Fr\u00fchlingsfest ist, bei dem das werdende und junge zarte Leben im Zentrum steht, s\u00e4ten wir zu Ehren der gastgebenden Wesen des Ortes einige Kr\u00e4uter und andere S\u00e4mereien um den Platz.<\/p>\n<p>Ostara steht aber auch f\u00fcr die Verabschiedung des Winters und da griffen wir jetzt die Tradition des Winteraustreibens auf. Wir bauten ja vorher eine Strohpuppe, die f\u00fcr den Winter stehen sollte. Ich hielt sie hoch und sprach:<\/p>\n<p><em>Nun treiben wir den Winter aus,<\/em><\/p>\n<p><em>Wir treiben ihn \u00fcber Berg und Tal<\/em><\/p>\n<p>Jetzt wurde die Puppe dem Feuer \u00fcbergeben, welches das Stroh auch gierig verschlang.<\/p>\n<p><em>Nun trieben wir den Winter aus,<\/em><\/p>\n<p><em>Und bringen den lieben Sommer wieder,<\/em><\/p>\n<p><em>Den Sommer und auch den Maien,<\/em><\/p>\n<p><em>Der Bl\u00fcmlein sind mancherleien<\/em><\/p>\n<p>Das Bl\u00f3t wurde dann mit dem Sumbel weitergef\u00fchrt, das sich nat\u00fcrlich wieder \u00fcber etliche Runden erstreckte und das Band der Gemeinschaft wieder sp\u00fcrbar festigte.<\/p>\n<p>Nach dem Sumbel folgte aber nicht etwa die Beschlie\u00dfung, sondern der Fr\u00fchling wurde noch mit Folienkartoffeln, Eiern und gr\u00fcner So\u00dfe weitergefeiert.<\/p>\n<p>Satt und zufrieden beschlossen wir dann zu sp\u00e4ter Stunde das Bl\u00f3t, dankten den G\u00f6ttern f\u00fcr ihren Schutz, l\u00f6schten das Feuer und fuhren schlie\u00dflich nach Hause.<\/p>\n<p>&nbsp;<\/p>\n<p>&nbsp;<\/p>\n","protected":false},"excerpt":{"rendered":"<p>Unser Ostara-Fest begann abenteuerlich. Wir wollten zu unserem Bl\u00f3tplatz mit dem \u00fcberh\u00e4ngenden Felsen. Auf dem Weg dorthin standen wir allerdings pl\u00f6tzlich mitten im Wald vor einer Sperrung wegen Baumf\u00e4llarbeiten. Nach einem kurzen Moment der Ratlosigkeit fanden wir allerding nicht weit entfernt eine Schutzh\u00fctte. Diese H\u00fctte und der Platz davor waren f\u00fcr unser Fest ebenso gut &hellip; <a href=\"https:\/\/heidenstammtisch-trier.de\/treverer\/2017\/03\/26\/ostara-2017\/\" class=\"more-link\"><span class=\"screen-reader-text\">Ostara 2017<\/span> weiterlesen <span class=\"meta-nav\">&rarr;<\/span><\/a><\/p>\n","protected":false},"author":1,"featured_media":566,"comment_status":"closed","ping_status":"open","sticky":false,"template":"","format":"standard","meta":{"footnotes":""},"categories":[2],"tags":[],"class_list":["post-577","post","type-post","status-publish","format-standard","has-post-thumbnail","hentry","category-blotberichte"],"_links":{"self":[{"href":"https:\/\/heidenstammtisch-trier.de\/treverer\/wp-json\/wp\/v2\/posts\/577","targetHints":{"allow":["GET"]}}],"collection":[{"href":"https:\/\/heidenstammtisch-trier.de\/treverer\/wp-json\/wp\/v2\/posts"}],"about":[{"href":"https:\/\/heidenstammtisch-trier.de\/treverer\/wp-json\/wp\/v2\/types\/post"}],"author":[{"embeddable":true,"href":"https:\/\/heidenstammtisch-trier.de\/treverer\/wp-json\/wp\/v2\/users\/1"}],"replies":[{"embeddable":true,"href":"https:\/\/heidenstammtisch-trier.de\/treverer\/wp-json\/wp\/v2\/comments?post=577"}],"version-history":[{"count":0,"href":"https:\/\/heidenstammtisch-trier.de\/treverer\/wp-json\/wp\/v2\/posts\/577\/revisions"}],"wp:featuredmedia":[{"embeddable":true,"href":"https:\/\/heidenstammtisch-trier.de\/treverer\/wp-json\/wp\/v2\/media\/566"}],"wp:attachment":[{"href":"https:\/\/heidenstammtisch-trier.de\/treverer\/wp-json\/wp\/v2\/media?parent=577"}],"wp:term":[{"taxonomy":"category","embeddable":true,"href":"https:\/\/heidenstammtisch-trier.de\/treverer\/wp-json\/wp\/v2\/categories?post=577"},{"taxonomy":"post_tag","embeddable":true,"href":"https:\/\/heidenstammtisch-trier.de\/treverer\/wp-json\/wp\/v2\/tags?post=577"}],"curies":[{"name":"wp","href":"https:\/\/api.w.org\/{rel}","templated":true}]}}