{"id":68,"date":"2014-10-27T18:08:25","date_gmt":"2014-10-27T16:08:25","guid":{"rendered":"http:\/\/heidenstammtisch-trier.de\/treverer\/?p=68"},"modified":"2014-10-27T18:08:25","modified_gmt":"2014-10-27T16:08:25","slug":"celtoi-keltischer-rekonstruktionismus","status":"publish","type":"post","link":"https:\/\/heidenstammtisch-trier.de\/treverer\/2014\/10\/27\/celtoi-keltischer-rekonstruktionismus\/","title":{"rendered":"Celtoi\/ Keltischer Rekonstruktionismus"},"content":{"rendered":"<div class=\"_5wd9\" data-reactid=\".1o.$mid=11417076920450=26ca77406369fa1b353.2:0\">\n<div class=\"_5wde\" data-reactid=\".1o.$mid=11417076920450=26ca77406369fa1b353.2:0.0\">\n<div class=\"_5wdf _5w1r\" data-reactid=\".1o.$mid=11417076920450=26ca77406369fa1b353.2:0.0.0\">\n<div class=\"_5wd9\" data-reactid=\".1o.$mid=11417076920450=26ca77406369fa1b353.2:0\">\n<div class=\"_5wde\" data-reactid=\".1o.$mid=11417076920450=26ca77406369fa1b353.2:0.0\">\n<div class=\"_5wdf _5w1r\" data-reactid=\".1o.$mid=11417076920450=26ca77406369fa1b353.2:0.0.0\">\n<div data-reactid=\".1o.$mid=11417076920450=26ca77406369fa1b353.2:0.0.0.0\"><span class=\"_5yl5\" data-reactid=\".1o.$mid=11417076920450=26ca77406369fa1b353.2:0.0.0.0.0\"><span data-reactid=\".1o.$mid=11417076920450=26ca77406369fa1b353.2:0.0.0.0.0.0\"><span data-reactid=\".1o.$mid=11417076920450=26ca77406369fa1b353.2:0.0.0.0.0.0.$text0:0:$14:0\">Hallo, mein Name ist Sabine und ich geh\u00f6re einer Glaubensgemeinschaft an, die sich Celtoi nennt. Unsere Gemeinsamkeit ist der Glaube an die keltischen Gottheiten. <\/span><br data-reactid=\".1o.$mid=11417076920450=26ca77406369fa1b353.2:0.0.0.0.0.0.$text0:0:$15:0\" \/><br data-reactid=\".1o.$mid=11417076920450=26ca77406369fa1b353.2:0.0.0.0.0.0.$text0:0:$17:0\" \/><span data-reactid=\".1o.$mid=11417076920450=26ca77406369fa1b353.2:0.0.0.0.0.0.$text0:0:$18:0\">Dabei gibt es f\u00fcr uns verschiedene Betrachtungsweisen der G\u00f6tter, die alle ihre Berechtigung haben. Sei es im Vert\u00e4ndnis spiritueller Entit\u00e4ten, in der Vorstellung von Kr\u00e4ften, oder in der Auffassung von g\u00f6ttlichen Prinzipien.<\/span><br data-reactid=\".1o.$mid=11417076920450=26ca77406369fa1b353.2:0.0.0.0.0.0.$text0:0:$19:0\" \/><br data-reactid=\".1o.$mid=11417076920450=26ca77406369fa1b353.2:0.0.0.0.0.0.$text0:0:$21:0\" \/><span data-reactid=\".1o.$mid=11417076920450=26ca77406369fa1b353.2:0.0.0.0.0.0.$text0:0:$22:0\">Wir pflegen einen rekonstrutionistischen Ansatz, auch \u201eCeltic Reconstructionist (CR)\u201c genannt. Darunter verstehen wir eine Bewegung, die nahe der alten Quellen eine f\u00fcr uns heute lebbare Religion erforscht und gestaltet. <\/span><br data-reactid=\".1o.$mid=11417076920450=26ca77406369fa1b353.2:0.0.0.0.0.0.$text0:0:$23:0\" \/><br data-reactid=\".1o.$mid=11417076920450=26ca77406369fa1b353.2:0.0.0.0.0.0.$text0:0:$25:0\" \/><span data-reactid=\".1o.$mid=11417076920450=26ca77406369fa1b353.2:0.0.0.0.0.0.$text0:0:$26:0\">Wir respektieren dabei die Forschung der Keltologie als Zugangsweg zum Verst\u00e4ndnis keltischer Kultur, Religion und Mythologie. Dabei lehnen wir Praktiken der historischen Kelten, die unseren heutigen Vorstellungen von Menschenrechten widersprechen, ab.<\/span><br data-reactid=\".1o.$mid=11417076920450=26ca77406369fa1b353.2:0.0.0.0.0.0.$text0:0:$27:0\" \/> <br data-reactid=\".1o.$mid=11417076920450=26ca77406369fa1b353.2:0.0.0.0.0.0.$text0:0:$29:0\" \/><span data-reactid=\".1o.$mid=11417076920450=26ca77406369fa1b353.2:0.0.0.0.0.0.$text0:0:$30:0\">Wir sind uns dessen bewusst, kaum \u00fcberlieferte Traditionen zu besitzen. Die uns rudiment\u00e4r bekannten Glaubensvorstellungen der historischen Kelten dienen unserer Inspiration und kreativen Neusch\u00f6pfung.\u00a0 <\/span><span data-reactid=\".1o.$mid=11417076920450=26ca77406369fa1b353.2:0.0.0.0.0.0.$text0:0:$34:0\">Dabei schreiben wir niemandem vor, wie er seine spirituelle Praxis zu leben hat. Vielmehr verstehen wir uns als Gemeinschaft, die sich gegenseitig anregt und in den pers\u00f6nlichen Studien unterst\u00fctzt durch Teilen von Wissen. <\/span><br data-reactid=\".1o.$mid=11417076920450=26ca77406369fa1b353.2:0.0.0.0.0.0.$text0:0:$35:0\" \/><br data-reactid=\".1o.$mid=11417076920450=26ca77406369fa1b353.2:0.0.0.0.0.0.$text0:0:$37:0\" \/><span data-reactid=\".1o.$mid=11417076920450=26ca77406369fa1b353.2:0.0.0.0.0.0.$text0:0:$38:0\">N\u00e4heres zu CR, wie Elemente des Glaubens, Kosmologie, Kultpraxis, usw. findet man bei Interesse auf der Seite des Religionswissenschaftlichen Medien- und Informationsdienst e.V.:<\/span> <a href=\"http:\/\/remid.de\/pdf\/remid-faltblatt-celtoi.pdf\" target=\"_blank\" rel=\"nofollow\" data-reactid=\".1o.$mid=11417076920450=26ca77406369fa1b353.2:0.0.0.0.0.0.$range0:0\">http:\/\/remid.de\/pdf\/remid-faltblatt-celtoi.pdf<\/a><span data-reactid=\".1o.$mid=11417076920450=26ca77406369fa1b353.2:0.0.0.0.0.0.$end:0:$0:0\">&#8220; <\/span><br data-reactid=\".1o.$mid=11417076920450=26ca77406369fa1b353.2:0.0.0.0.0.0.$end:0:$1:0\" \/><br data-reactid=\".1o.$mid=11417076920450=26ca77406369fa1b353.2:0.0.0.0.0.0.$end:0:$3:0\" \/><span data-reactid=\".1o.$mid=11417076920450=26ca77406369fa1b353.2:0.0.0.0.0.0.$end:0:$4:0\">Unser Austausch als CR`ler findet auf gemeinsamen Plattformen im Internet und im Rahmen meiner Glaubensgemeinschaft Celtoi auch in Form regelm\u00e4\u00dfiger Treffen und Feiern vor Ort statt.\u00a0 <\/span><span data-reactid=\".1o.$mid=11417076920450=26ca77406369fa1b353.2:0.0.0.0.0.0.$end:0:$8:0\">Wir unterhalten dazu einen gleichnamigen Verein zur Erreichung gemeinsamer Ziele, z.B. ein gemeinsamer Kultplatz (Nemeton), und zur Vernetzung mit anderen Vereinen, um heidnischen Interessen mehr Gewicht zu verleihen. <\/span><br data-reactid=\".1o.$mid=11417076920450=26ca77406369fa1b353.2:0.0.0.0.0.0.$end:0:$9:0\" \/><br data-reactid=\".1o.$mid=11417076920450=26ca77406369fa1b353.2:0.0.0.0.0.0.$end:0:$11:0\" \/><span data-reactid=\".1o.$mid=11417076920450=26ca77406369fa1b353.2:0.0.0.0.0.0.$end:0:$12:0\">Genauso wichtig und ein Bed\u00fcrfnis von mir selbst, ist das Kennenlernen von Leuten anderer Richtungen \u00fcber diesen Stammtisch. Ich sch\u00e4tze hier sehr die offene Haltung und den gemeinsamen Austausch zu verschiedenen Themen. Spannend finde ich auch die M\u00f6glichkeit, gemeinsam Rituale mit ganz unterschiedlichen Elementen zu feiern, anders, als ich sie aus meiner Glaubenspraxis, anderer CR`ler und der meiner Gemeinschaft kenne.<\/span><\/span><\/span><\/div>\n<\/div>\n<\/div>\n<\/div>\n<\/div>\n<\/div>\n<\/div>\n","protected":false},"excerpt":{"rendered":"<p>Hallo, mein Name ist Sabine und ich geh\u00f6re einer Glaubensgemeinschaft an, die sich Celtoi nennt. Unsere Gemeinsamkeit ist der Glaube an die keltischen Gottheiten. Dabei gibt es f\u00fcr uns verschiedene Betrachtungsweisen der G\u00f6tter, die alle ihre Berechtigung haben. Sei es im Vert\u00e4ndnis spiritueller Entit\u00e4ten, in der Vorstellung von Kr\u00e4ften, oder in der Auffassung von g\u00f6ttlichen &hellip; <a href=\"https:\/\/heidenstammtisch-trier.de\/treverer\/2014\/10\/27\/celtoi-keltischer-rekonstruktionismus\/\" class=\"more-link\"><span class=\"screen-reader-text\">Celtoi\/ Keltischer Rekonstruktionismus<\/span> weiterlesen <span class=\"meta-nav\">&rarr;<\/span><\/a><\/p>\n","protected":false},"author":3,"featured_media":0,"comment_status":"closed","ping_status":"open","sticky":false,"template":"","format":"standard","meta":{"footnotes":""},"categories":[3],"tags":[],"class_list":["post-68","post","type-post","status-publish","format-standard","hentry","category-grundbegriffe"],"_links":{"self":[{"href":"https:\/\/heidenstammtisch-trier.de\/treverer\/wp-json\/wp\/v2\/posts\/68","targetHints":{"allow":["GET"]}}],"collection":[{"href":"https:\/\/heidenstammtisch-trier.de\/treverer\/wp-json\/wp\/v2\/posts"}],"about":[{"href":"https:\/\/heidenstammtisch-trier.de\/treverer\/wp-json\/wp\/v2\/types\/post"}],"author":[{"embeddable":true,"href":"https:\/\/heidenstammtisch-trier.de\/treverer\/wp-json\/wp\/v2\/users\/3"}],"replies":[{"embeddable":true,"href":"https:\/\/heidenstammtisch-trier.de\/treverer\/wp-json\/wp\/v2\/comments?post=68"}],"version-history":[{"count":0,"href":"https:\/\/heidenstammtisch-trier.de\/treverer\/wp-json\/wp\/v2\/posts\/68\/revisions"}],"wp:attachment":[{"href":"https:\/\/heidenstammtisch-trier.de\/treverer\/wp-json\/wp\/v2\/media?parent=68"}],"wp:term":[{"taxonomy":"category","embeddable":true,"href":"https:\/\/heidenstammtisch-trier.de\/treverer\/wp-json\/wp\/v2\/categories?post=68"},{"taxonomy":"post_tag","embeddable":true,"href":"https:\/\/heidenstammtisch-trier.de\/treverer\/wp-json\/wp\/v2\/tags?post=68"}],"curies":[{"name":"wp","href":"https:\/\/api.w.org\/{rel}","templated":true}]}}