{"id":716,"date":"2017-08-27T11:14:41","date_gmt":"2017-08-27T10:14:41","guid":{"rendered":"http:\/\/heidenstammtisch-trier.de\/?p=716"},"modified":"2017-08-27T11:14:41","modified_gmt":"2017-08-27T10:14:41","slug":"ausflug-zum-roemertempel-tawern","status":"publish","type":"post","link":"https:\/\/heidenstammtisch-trier.de\/treverer\/2017\/08\/27\/ausflug-zum-roemertempel-tawern\/","title":{"rendered":"Ausflug zum R\u00f6mertempel Tawern"},"content":{"rendered":"<p>Am Samstag den 26.08.2017, so ziemlich genau ein Jahr nach unserem <a href=\"http:\/\/heidenstammtisch-trier.de\/hochwald-thing-2016\/\">Hochwald-Thing<\/a>, hatten wir einen Ausflug geplant. Das Ziel war der R\u00f6mertempel in Tawern. Amalar hat dazu eine Wanderroute ausgearbeitet und das Wetter war optimal &#8211; nicht zu hei\u00df und trotzdem sonnig und freundlich und vor allem trocken. Wir trafen uns auf dem Parkplatz von dem wir noch etwa 15 Minuten Fu\u00dfweg zur Tempelanlage hatten.<\/p>\n<p><a href=\"http:\/\/heidenstammtisch-trier.de\/treverer\/wp-content\/uploads\/2017\/08\/2017-08-26-14.43.11.jpg\"><img loading=\"lazy\" decoding=\"async\" class=\"alignnone size-medium wp-image-692\" src=\"http:\/\/heidenstammtisch-trier.de\/treverer\/wp-content\/uploads\/2017\/08\/2017-08-26-14.43.11-300x169.jpg\" alt=\"\" width=\"300\" height=\"169\" \/><\/a> <a href=\"http:\/\/heidenstammtisch-trier.de\/treverer\/wp-content\/uploads\/2017\/08\/2017-08-26-14.42.50.jpg\"><img loading=\"lazy\" decoding=\"async\" class=\"alignnone size-medium wp-image-691\" src=\"http:\/\/heidenstammtisch-trier.de\/treverer\/wp-content\/uploads\/2017\/08\/2017-08-26-14.42.50-300x169.jpg\" alt=\"\" width=\"300\" height=\"169\" \/><\/a><\/p>\n<p>Oben angekommen &#8211; es war leider viel steiler als ich gehofft h\u00e4tte &#8211; wurden wir von einer tollen Aussicht bis nach Trier belohnt. Das war wohl auch von den Tempelerbauern zur R\u00f6merzeit so gedacht worden, wie Lukasz, der unser F\u00fchrer war, erz\u00e4hlte.<\/p>\n<p><a href=\"http:\/\/heidenstammtisch-trier.de\/treverer\/wp-content\/uploads\/2017\/08\/2017-08-26-14.56.02.jpg\"><img loading=\"lazy\" decoding=\"async\" class=\"alignnone size-medium wp-image-693\" src=\"http:\/\/heidenstammtisch-trier.de\/treverer\/wp-content\/uploads\/2017\/08\/2017-08-26-14.56.02-300x169.jpg\" alt=\"\" width=\"300\" height=\"169\" \/><\/a><\/p>\n<p>Dieser Tempel war in der Antike an einer der Hauptreiserouten gelegen und war dem Merkur geweiht, der als Gott der H\u00e4ndler und der Reisenden verehrt wird. Nach der interpretatio romana wurde dieser mit dem germanischen Gott Wodan gleichgesetzt. Im Haupttempel war die Nachbildung einer Statue aufgestellt die den gallo-romanischen Merkur darstellt. Der Kopf wurde auch genauso dort gefunden, in einem Brunnen auf der Anlage.<\/p>\n<p><a href=\"http:\/\/heidenstammtisch-trier.de\/treverer\/wp-content\/uploads\/2017\/08\/2017-08-26-15.03.33.jpg\"><img loading=\"lazy\" decoding=\"async\" class=\"alignnone size-medium wp-image-696\" src=\"http:\/\/heidenstammtisch-trier.de\/treverer\/wp-content\/uploads\/2017\/08\/2017-08-26-15.03.33-300x169.jpg\" alt=\"\" width=\"300\" height=\"169\" \/><\/a><a href=\"http:\/\/heidenstammtisch-trier.de\/treverer\/wp-content\/uploads\/2017\/08\/2017-08-26-15.16.50.jpg\"><img loading=\"lazy\" decoding=\"async\" class=\"alignnone size-medium wp-image-699\" src=\"http:\/\/heidenstammtisch-trier.de\/treverer\/wp-content\/uploads\/2017\/08\/2017-08-26-15.16.50-300x169.jpg\" alt=\"\" width=\"300\" height=\"169\" \/><\/a><\/p>\n<p>Dann gab es noch einen sehr interessanten Nebentempel. Dort wurden Statuen und Bildnisse von z.B. Epona, Apollon, Isis und Serapis verehrt, die ebenfalls in dem Brunnen gefunden wurden. Alle Statuen und Bildnisse wurden in der ersten sp\u00e4tantiken Christianisierung dort gek\u00f6pft und &#8222;entsorgt&#8220;.<\/p>\n<p><a href=\"http:\/\/heidenstammtisch-trier.de\/treverer\/wp-content\/uploads\/2017\/08\/2017-08-26-15.10.19.jpg\"><img loading=\"lazy\" decoding=\"async\" class=\"alignnone size-medium wp-image-697\" src=\"http:\/\/heidenstammtisch-trier.de\/treverer\/wp-content\/uploads\/2017\/08\/2017-08-26-15.10.19-300x169.jpg\" alt=\"\" width=\"300\" height=\"169\" \/><\/a><\/p>\n<p>Weiter ging die F\u00fchrung durch die Tempelanlage, die ich hier einfach mit ein paar Fotos dokumentieren m\u00f6chte:<\/p>\n<p><a href=\"http:\/\/heidenstammtisch-trier.de\/treverer\/wp-content\/uploads\/2017\/08\/2017-08-26-15.02.58.jpg\"><img loading=\"lazy\" decoding=\"async\" class=\"alignnone size-medium wp-image-695\" src=\"http:\/\/heidenstammtisch-trier.de\/treverer\/wp-content\/uploads\/2017\/08\/2017-08-26-15.02.58-300x169.jpg\" alt=\"\" width=\"300\" height=\"169\" \/><\/a> <a href=\"http:\/\/heidenstammtisch-trier.de\/treverer\/wp-content\/uploads\/2017\/08\/2017-08-26-14.56.09.jpg\"><img loading=\"lazy\" decoding=\"async\" class=\"alignnone size-medium wp-image-694\" src=\"http:\/\/heidenstammtisch-trier.de\/treverer\/wp-content\/uploads\/2017\/08\/2017-08-26-14.56.09-300x169.jpg\" alt=\"\" width=\"300\" height=\"169\" \/><\/a> <a href=\"http:\/\/heidenstammtisch-trier.de\/treverer\/wp-content\/uploads\/2017\/08\/2017-08-26-15.14.26.jpg\"><img loading=\"lazy\" decoding=\"async\" class=\"alignnone size-medium wp-image-698\" src=\"http:\/\/heidenstammtisch-trier.de\/treverer\/wp-content\/uploads\/2017\/08\/2017-08-26-15.14.26-300x169.jpg\" alt=\"\" width=\"300\" height=\"169\" \/><\/a> <a href=\"http:\/\/heidenstammtisch-trier.de\/treverer\/wp-content\/uploads\/2017\/08\/2017-08-26-15.17.09.jpg\"><img loading=\"lazy\" decoding=\"async\" class=\"alignnone size-medium wp-image-701\" src=\"http:\/\/heidenstammtisch-trier.de\/treverer\/wp-content\/uploads\/2017\/08\/2017-08-26-15.17.09-300x169.jpg\" alt=\"\" width=\"300\" height=\"169\" \/><\/a> <a href=\"http:\/\/heidenstammtisch-trier.de\/treverer\/wp-content\/uploads\/2017\/08\/2017-08-26-15.17.17.jpg\"><img loading=\"lazy\" decoding=\"async\" class=\"alignnone size-medium wp-image-702\" src=\"http:\/\/heidenstammtisch-trier.de\/treverer\/wp-content\/uploads\/2017\/08\/2017-08-26-15.17.17-300x169.jpg\" alt=\"\" width=\"300\" height=\"169\" \/><\/a> <a href=\"http:\/\/heidenstammtisch-trier.de\/treverer\/wp-content\/uploads\/2017\/08\/2017-08-26-16.12.49.jpg\"><img loading=\"lazy\" decoding=\"async\" class=\"alignnone size-medium wp-image-705\" src=\"http:\/\/heidenstammtisch-trier.de\/treverer\/wp-content\/uploads\/2017\/08\/2017-08-26-16.12.49-300x169.jpg\" alt=\"\" width=\"300\" height=\"169\" \/><\/a><\/p>\n<p>Das untere rechte Bild stellt \u00fcbrigens Herkules (interpretatio romana: Donar) dar.<\/p>\n<p>Den Abschluss der F\u00fchrung fanden wir dann in einem Geb\u00e4ude dessen Zweck nicht bekannt ist. Eine Theorie besagt, dass es sich um eine Art Gasthaus handelte, welches sich etwas abseits der Tempel befand, da auch eine Feuerstelle nachgewiesen werden konnte.<\/p>\n<p><a href=\"http:\/\/heidenstammtisch-trier.de\/treverer\/wp-content\/uploads\/2017\/08\/2017-08-26-15.23.42.jpg\"><img loading=\"lazy\" decoding=\"async\" class=\"alignnone size-medium wp-image-703\" src=\"http:\/\/heidenstammtisch-trier.de\/treverer\/wp-content\/uploads\/2017\/08\/2017-08-26-15.23.42-300x169.jpg\" alt=\"\" width=\"300\" height=\"169\" \/><\/a> <a href=\"http:\/\/heidenstammtisch-trier.de\/treverer\/wp-content\/uploads\/2017\/08\/2017-08-26-15.23.57.jpg\"><img loading=\"lazy\" decoding=\"async\" class=\"alignnone size-medium wp-image-704\" src=\"http:\/\/heidenstammtisch-trier.de\/treverer\/wp-content\/uploads\/2017\/08\/2017-08-26-15.23.57-300x169.jpg\" alt=\"\" width=\"300\" height=\"169\" \/><\/a><\/p>\n<p>Dort haben wir dann auch eine kurze Pause gemacht und uns noch etwa eine halbe Stunde \u00fcber historische und heidnische Themen ausgetauscht. Anschlie\u00dfend begannen wir unsere Wanderung. Amalar hatte da eine tolle Route ausgemacht, vorbei an Weiden und Streuobstwiesen.<\/p>\n<p><a href=\"http:\/\/heidenstammtisch-trier.de\/treverer\/wp-content\/uploads\/2017\/08\/2017-08-26-16.34.20.jpg\"><img loading=\"lazy\" decoding=\"async\" class=\"alignnone size-medium wp-image-707\" src=\"http:\/\/heidenstammtisch-trier.de\/treverer\/wp-content\/uploads\/2017\/08\/2017-08-26-16.34.20-300x169.jpg\" alt=\"\" width=\"300\" height=\"169\" \/><\/a> <a href=\"http:\/\/heidenstammtisch-trier.de\/treverer\/wp-content\/uploads\/2017\/08\/2017-08-26-16.34.23.jpg\"><img loading=\"lazy\" decoding=\"async\" class=\"alignnone size-medium wp-image-708\" src=\"http:\/\/heidenstammtisch-trier.de\/treverer\/wp-content\/uploads\/2017\/08\/2017-08-26-16.34.23-300x169.jpg\" alt=\"\" width=\"300\" height=\"169\" \/><\/a><\/p>\n<p><a href=\"http:\/\/heidenstammtisch-trier.de\/treverer\/wp-content\/uploads\/2017\/08\/2017-08-26-16.25.15.jpg\"><img loading=\"lazy\" decoding=\"async\" class=\"alignnone size-medium wp-image-706\" src=\"http:\/\/heidenstammtisch-trier.de\/treverer\/wp-content\/uploads\/2017\/08\/2017-08-26-16.25.15-300x169.jpg\" alt=\"\" width=\"300\" height=\"169\" \/><\/a><\/p>\n<p>Nach etwa einer Stunde stie\u00dfen wir am Waldrand auf einen tollen alten Birnbaum.\u00a0 Wir waren uns einig &#8211; dass sollte unser Bl\u00f3tplatz werden!<\/p>\n<p><a href=\"http:\/\/heidenstammtisch-trier.de\/treverer\/wp-content\/uploads\/2017\/08\/2017-08-26-23.13.31.jpg\"><img loading=\"lazy\" decoding=\"async\" class=\"alignnone size-medium wp-image-714\" src=\"http:\/\/heidenstammtisch-trier.de\/treverer\/wp-content\/uploads\/2017\/08\/2017-08-26-23.13.31-300x225.jpg\" alt=\"\" width=\"300\" height=\"225\" \/><\/a><\/p>\n<p>Wir bereiteten das Ritual nun vor und schm\u00fcckten den Platz ein wenig.<\/p>\n<p><a href=\"http:\/\/heidenstammtisch-trier.de\/treverer\/wp-content\/uploads\/2017\/08\/2017-08-26-17.16.24.jpg\"><img loading=\"lazy\" decoding=\"async\" class=\"alignnone size-medium wp-image-710\" src=\"http:\/\/heidenstammtisch-trier.de\/treverer\/wp-content\/uploads\/2017\/08\/2017-08-26-17.16.24-300x169.jpg\" alt=\"\" width=\"300\" height=\"169\" \/><\/a><\/p>\n<p>Wir schritten den Platz gemeinsam dreimal ab w\u00e4hrend Erinn den Schutz von Nemetona herbeisang. Anschlie\u00dfend schlossen wir den Kreis und feierten ein kleines aber sehr stimmungsvolles Bl\u00f3t und luden keltische, r\u00f6mische und germanische G\u00f6tter, Ahnen und Wesenheiten der Gegend ein und ehrten diese und den alten Baum.<\/p>\n<p>Nachdem wir dieses Ritual beendet hatten und den Platz wieder auf\u00e4umten, setzen wir unsere Wanderung fort.<\/p>\n<p><a href=\"http:\/\/heidenstammtisch-trier.de\/treverer\/wp-content\/uploads\/2017\/08\/2017-08-26-17.51.53.jpg\"><img loading=\"lazy\" decoding=\"async\" class=\"alignnone size-medium wp-image-711\" src=\"http:\/\/heidenstammtisch-trier.de\/treverer\/wp-content\/uploads\/2017\/08\/2017-08-26-17.51.53-300x169.jpg\" alt=\"\" width=\"300\" height=\"169\" \/><\/a> <a href=\"http:\/\/heidenstammtisch-trier.de\/treverer\/wp-content\/uploads\/2017\/08\/2017-08-26-17.57.49.jpg\"><img loading=\"lazy\" decoding=\"async\" class=\"alignnone size-medium wp-image-712\" src=\"http:\/\/heidenstammtisch-trier.de\/treverer\/wp-content\/uploads\/2017\/08\/2017-08-26-17.57.49-300x169.jpg\" alt=\"\" width=\"300\" height=\"169\" \/><\/a> <a href=\"http:\/\/heidenstammtisch-trier.de\/treverer\/wp-content\/uploads\/2017\/08\/2017-08-26-18.40.21.jpg\"><img loading=\"lazy\" decoding=\"async\" class=\"alignnone size-medium wp-image-713\" src=\"http:\/\/heidenstammtisch-trier.de\/treverer\/wp-content\/uploads\/2017\/08\/2017-08-26-18.40.21-300x169.jpg\" alt=\"\" width=\"300\" height=\"169\" \/><\/a><\/p>\n<p>Es war ein gelungener Ausflug, der allen viel Spass und Freude bereitet hatte. Auch werden wir so etwas in Zukunft sicher h\u00e4ufiger machen. Unsere Gegend ist schlie\u00dflich voll mit alten heiligen St\u00e4tten der Kelten und R\u00f6mer. Auch ein besonderer Dank an Lukasz, der wieder eine interessante und kurzweilige F\u00fchrung trotz seines Terminstress geboten hat und an Amalar der den Ausflug geplant hatte. Auch an alle die dabei waren ein riesiges Danksch\u00f6n &#8211; es ist immer wieder toll!<\/p>\n","protected":false},"excerpt":{"rendered":"<p>Am Samstag den 26.08.2017, so ziemlich genau ein Jahr nach unserem Hochwald-Thing, hatten wir einen Ausflug geplant. Das Ziel war der R\u00f6mertempel in Tawern. Amalar hat dazu eine Wanderroute ausgearbeitet und das Wetter war optimal &#8211; nicht zu hei\u00df und trotzdem sonnig und freundlich und vor allem trocken. Wir trafen uns auf dem Parkplatz von &hellip; <a href=\"https:\/\/heidenstammtisch-trier.de\/treverer\/2017\/08\/27\/ausflug-zum-roemertempel-tawern\/\" class=\"more-link\"><span class=\"screen-reader-text\">Ausflug zum R\u00f6mertempel Tawern<\/span> weiterlesen <span class=\"meta-nav\">&rarr;<\/span><\/a><\/p>\n","protected":false},"author":1,"featured_media":692,"comment_status":"closed","ping_status":"open","sticky":false,"template":"","format":"standard","meta":{"footnotes":""},"categories":[2,8],"tags":[],"class_list":["post-716","post","type-post","status-publish","format-standard","has-post-thumbnail","hentry","category-blotberichte","category-unterwegs"],"_links":{"self":[{"href":"https:\/\/heidenstammtisch-trier.de\/treverer\/wp-json\/wp\/v2\/posts\/716","targetHints":{"allow":["GET"]}}],"collection":[{"href":"https:\/\/heidenstammtisch-trier.de\/treverer\/wp-json\/wp\/v2\/posts"}],"about":[{"href":"https:\/\/heidenstammtisch-trier.de\/treverer\/wp-json\/wp\/v2\/types\/post"}],"author":[{"embeddable":true,"href":"https:\/\/heidenstammtisch-trier.de\/treverer\/wp-json\/wp\/v2\/users\/1"}],"replies":[{"embeddable":true,"href":"https:\/\/heidenstammtisch-trier.de\/treverer\/wp-json\/wp\/v2\/comments?post=716"}],"version-history":[{"count":0,"href":"https:\/\/heidenstammtisch-trier.de\/treverer\/wp-json\/wp\/v2\/posts\/716\/revisions"}],"wp:featuredmedia":[{"embeddable":true,"href":"https:\/\/heidenstammtisch-trier.de\/treverer\/wp-json\/wp\/v2\/media\/692"}],"wp:attachment":[{"href":"https:\/\/heidenstammtisch-trier.de\/treverer\/wp-json\/wp\/v2\/media?parent=716"}],"wp:term":[{"taxonomy":"category","embeddable":true,"href":"https:\/\/heidenstammtisch-trier.de\/treverer\/wp-json\/wp\/v2\/categories?post=716"},{"taxonomy":"post_tag","embeddable":true,"href":"https:\/\/heidenstammtisch-trier.de\/treverer\/wp-json\/wp\/v2\/tags?post=716"}],"curies":[{"name":"wp","href":"https:\/\/api.w.org\/{rel}","templated":true}]}}