{"id":738,"date":"2017-10-13T06:11:36","date_gmt":"2017-10-13T05:11:36","guid":{"rendered":"https:\/\/heidenstammtisch-trier.de\/?p=738"},"modified":"2017-10-13T06:11:36","modified_gmt":"2017-10-13T05:11:36","slug":"herbstblot-2017-bei-rheingold-koeln-in-berkum","status":"publish","type":"post","link":"https:\/\/heidenstammtisch-trier.de\/treverer\/2017\/10\/13\/herbstblot-2017-bei-rheingold-koeln-in-berkum\/","title":{"rendered":"Herbstbl\u00f3t 2017 bei Rheingold K\u00f6ln in Berkum"},"content":{"rendered":"<p>Am 07.10.2017 luden unsere Freunde von der Eldaring-Gruppe Rheingold K\u00f6ln den Eldaringstammtisch aus dem Ruhrgebiet und uns Trierer zu einem Herbstbl\u00f3t in eine Grillh\u00fctte in Berkum in der N\u00e4he von Bonn. Wir vom Heidenstammtisch Trier waren dieses Jahr mit vier Teilnehmern dieser Einladung gefolgt.<\/p>\n<p>Dieser Grillplatz wurde in einen alten Steinbruch integriert und ist von Steilh\u00e4ngen umgeben, so dass dieser komplett umschlossen ist. Wir kamen also am Mittag an und halfen direkt beim Aufbau und den Vorbereitungen und richteten schon unsere Schlaflager ein. Dazu gab es \u00fcberdachte Fl\u00e4chen, die mit Planen noch wetterfest gemacht wurden.<\/p>\n<p><a href=\"https:\/\/heidenstammtisch-trier.de\/treverer\/wp-content\/uploads\/2017\/10\/IMG_20171007_131839069.png\"><img loading=\"lazy\" decoding=\"async\" class=\"alignnone wp-image-735 size-thumbnail\" src=\"https:\/\/heidenstammtisch-trier.de\/treverer\/wp-content\/uploads\/2017\/10\/IMG_20171007_131839069-150x150.png\" alt=\"\" width=\"150\" height=\"150\" \/><\/a><\/p>\n<p>Nach und nach f\u00fcllte sich der Platz immer mehr und man feierte Wiedersehen und lernte auch viele neue Leute kennen und auch der Altar wurde immer voller. Schlie\u00dflich waren wir etwa 35 Teilnehmer. Es wurden noch ein paar Erledigungen und letzte Eink\u00e4ufe unternommen bevor dann zum Tagesbl\u00f3t gerufen wurde.<\/p>\n<p><a href=\"https:\/\/heidenstammtisch-trier.de\/treverer\/wp-content\/uploads\/2017\/10\/IMG_20171007_135058354.png\"><img loading=\"lazy\" decoding=\"async\" class=\"alignnone wp-image-736 size-thumbnail\" src=\"https:\/\/heidenstammtisch-trier.de\/treverer\/wp-content\/uploads\/2017\/10\/IMG_20171007_135058354-150x150.png\" alt=\"\" width=\"150\" height=\"150\" \/><\/a><\/p>\n<p>Nachdem der Thingfrieden von Sebastian ausgerufen wurde und die Teilnehmer mit Salbeirauch auf das Bl\u00f3t vorbereitet und eingestimmt wurden, begann Rex, der Bl\u00f3tleiter, mit einem Hammerritual, gefolgt von einer Anrufung von G\u00f6ttern, Ahnen und Wesenheiten des Platzes. In diesem Ritual wurde gesungen und Texte vorgetragen und schlie\u00dflich mit den drei klassischen Sumbelrunden abgeschlossen. Anschlie\u00dfend wurde das an Mittsommer gefertigte Sonnenrad und weitere pers\u00f6nliche Opfergaben feierlich dem Feuer \u00fcbergeben.<\/p>\n<p>Nun wurde f\u00fcr das leibliche Wohl gesorgt, dass Grillrost bef\u00fcllt und die Salatsch\u00fcsseln ge\u00f6ffnet. Jetzt war wieder viel Raum f\u00fcr alle Teilnehmer f\u00fcr interessante Gespr\u00e4che und geselliges Beisammensein.<\/p>\n<p>Am fortgeschrittenen Abend wurde zum Nachtbl\u00f3t gerufen und der Zwergenaltar, welcher sich unter dem eigentlichen Altar befand, wurde ge\u00f6ffnet. Dieser \u201eunterirdische\u201c Altar war mit Schmuck, Metall und Steinen geschm\u00fcckt und mit bunten Lichtern dekoriert und speziell den Schwarzalben gewidmet.<\/p>\n<p><a href=\"https:\/\/heidenstammtisch-trier.de\/treverer\/wp-content\/uploads\/2017\/10\/235923117_108084.jpg\"><img loading=\"lazy\" decoding=\"async\" class=\"alignnone wp-image-732 size-thumbnail\" src=\"https:\/\/heidenstammtisch-trier.de\/treverer\/wp-content\/uploads\/2017\/10\/235923117_108084-150x150.jpg\" alt=\"\" width=\"150\" height=\"150\" \/><\/a> <a href=\"https:\/\/heidenstammtisch-trier.de\/treverer\/wp-content\/uploads\/2017\/10\/235925662_108064.jpg\"><img loading=\"lazy\" decoding=\"async\" class=\"alignnone wp-image-733 size-thumbnail\" src=\"https:\/\/heidenstammtisch-trier.de\/treverer\/wp-content\/uploads\/2017\/10\/235925662_108064-150x150.jpg\" alt=\"\" width=\"150\" height=\"150\" \/><\/a><\/p>\n<p>Neun Fackeln wurden entz\u00fcndet, stellvertretend f\u00fcr jede der neun Welten und Sebastian, der dieses Bl\u00f3t leitete, richtete vor dem Sumbel ein paar Worte an uns und stimmte alle so auf die besinnliche Zeit vor uns und besonders auf dieses sch\u00f6ne Nachtbl\u00f3t f\u00fcr das Volk der Schwarzalben und unserer Ahnen ein.<\/p>\n<p>Nach diesem Bl\u00f3t zu sp\u00e4ter Stunde verabschiedeten sich dann leider die ersten Teilnehmer und der Kreis wurde etwas kleiner. Trotz des nun einsetzenden Dauerregens tat dies der Stimmung keinen Abbruch. Um das Lagerfeuer herum entstand nun eine Sumbelrunde von etwa 8 \u2013 10 Leuten aus allen drei vertretenen Herden. Nach \u00fcber vier Stunden Sumbel, das Morgengrauen lie\u00df sich schon erahnen, war der Met, Wei\u00dfwein, Viez und sogar der Whisky (!) leergesumbelt und das Feuerholz aufgebraucht. Wer jetzt glaubt, dass das eher ein Bes\u00e4ufnis ohne Sumbeldisziplin war, der irrt sich gewaltig. Es wurde kreativ, nachdenklich, anregend und nat\u00fcrlich auch mal scherzhaft gesumbelt und bis zum Schluss herrschte die n\u00f6tige Ernsthaftigkeit und es blieb die ganze Zeit \u00fcber ein Sumbel, ein Ritual. F\u00fcr mich pers\u00f6nlich das beeindruckteste Highlight dieses tollen Herbstfestes, trotz kompletter Durchn\u00e4ssung.<\/p>\n<p><a href=\"https:\/\/heidenstammtisch-trier.de\/treverer\/wp-content\/uploads\/2017\/10\/IMG_20171007_210436726.png\"><img loading=\"lazy\" decoding=\"async\" class=\"alignnone wp-image-737 size-thumbnail\" src=\"https:\/\/heidenstammtisch-trier.de\/treverer\/wp-content\/uploads\/2017\/10\/IMG_20171007_210436726-150x150.png\" alt=\"\" width=\"150\" height=\"150\" \/><\/a><\/p>\n<p>Am n\u00e4chsten Morgen halfen dann alle beim Aufr\u00e4umen und am Vormittag wurde der Thingfrieden nach einem kleinen Abschiedssumbel aufgel\u00f6st.<\/p>\n<p>Ich danke Rheingold K\u00f6ln f\u00fcr die Einladung und die M\u00fche die sie in die Vorbereitung dieses Festes gesteckt haben und allen Teilnehmern und Freunden aller beteiligten Stammtische f\u00fcr dieses gelungene und stimmungsvolle Fest.<\/p>\n","protected":false},"excerpt":{"rendered":"<p>Am 07.10.2017 luden unsere Freunde von der Eldaring-Gruppe Rheingold K\u00f6ln den Eldaringstammtisch aus dem Ruhrgebiet und uns Trierer zu einem Herbstbl\u00f3t in eine Grillh\u00fctte in Berkum in der N\u00e4he von Bonn. Wir vom Heidenstammtisch Trier waren dieses Jahr mit vier Teilnehmern dieser Einladung gefolgt. Dieser Grillplatz wurde in einen alten Steinbruch integriert und ist von &hellip; <a href=\"https:\/\/heidenstammtisch-trier.de\/treverer\/2017\/10\/13\/herbstblot-2017-bei-rheingold-koeln-in-berkum\/\" class=\"more-link\"><span class=\"screen-reader-text\">Herbstbl\u00f3t 2017 bei Rheingold K\u00f6ln in Berkum<\/span> weiterlesen <span class=\"meta-nav\">&rarr;<\/span><\/a><\/p>\n","protected":false},"author":1,"featured_media":736,"comment_status":"closed","ping_status":"open","sticky":false,"template":"","format":"standard","meta":{"footnotes":""},"categories":[2,8],"tags":[],"class_list":["post-738","post","type-post","status-publish","format-standard","has-post-thumbnail","hentry","category-blotberichte","category-unterwegs"],"_links":{"self":[{"href":"https:\/\/heidenstammtisch-trier.de\/treverer\/wp-json\/wp\/v2\/posts\/738","targetHints":{"allow":["GET"]}}],"collection":[{"href":"https:\/\/heidenstammtisch-trier.de\/treverer\/wp-json\/wp\/v2\/posts"}],"about":[{"href":"https:\/\/heidenstammtisch-trier.de\/treverer\/wp-json\/wp\/v2\/types\/post"}],"author":[{"embeddable":true,"href":"https:\/\/heidenstammtisch-trier.de\/treverer\/wp-json\/wp\/v2\/users\/1"}],"replies":[{"embeddable":true,"href":"https:\/\/heidenstammtisch-trier.de\/treverer\/wp-json\/wp\/v2\/comments?post=738"}],"version-history":[{"count":0,"href":"https:\/\/heidenstammtisch-trier.de\/treverer\/wp-json\/wp\/v2\/posts\/738\/revisions"}],"wp:featuredmedia":[{"embeddable":true,"href":"https:\/\/heidenstammtisch-trier.de\/treverer\/wp-json\/wp\/v2\/media\/736"}],"wp:attachment":[{"href":"https:\/\/heidenstammtisch-trier.de\/treverer\/wp-json\/wp\/v2\/media?parent=738"}],"wp:term":[{"taxonomy":"category","embeddable":true,"href":"https:\/\/heidenstammtisch-trier.de\/treverer\/wp-json\/wp\/v2\/categories?post=738"},{"taxonomy":"post_tag","embeddable":true,"href":"https:\/\/heidenstammtisch-trier.de\/treverer\/wp-json\/wp\/v2\/tags?post=738"}],"curies":[{"name":"wp","href":"https:\/\/api.w.org\/{rel}","templated":true}]}}