{"id":801,"date":"2017-11-05T12:06:33","date_gmt":"2017-11-05T11:06:33","guid":{"rendered":"https:\/\/heidenstammtisch-trier.de\/?p=801"},"modified":"2017-11-05T12:06:33","modified_gmt":"2017-11-05T11:06:33","slug":"winterblot-2017-in-heidelberg","status":"publish","type":"post","link":"https:\/\/heidenstammtisch-trier.de\/treverer\/2017\/11\/05\/winterblot-2017-in-heidelberg\/","title":{"rendered":"Winterbl\u00f3t 2017 in Heidelberg"},"content":{"rendered":"<p>Am 04.11.2017 fand ein gemeinsames Winterbl\u00f3t in Heidelberg statt. Eingetroffen waren Vertreter der Gruppen und Stammtische aus Heidelberg und Mannheim (der Gastgeber Heidenstammtisch Rhein-Neckar und die Sippe Mannheim), Darmstadt (Heidenstammtisch Drei Eichen), Frankfurt (Fafnirs Hort), dem Saarland, sogar vom Eldaring-Stammtisch Ruhrgebiet und von uns, dem Heidenstammtisch Trier.<\/p>\n<p>Wir waren recht fr\u00fch da, um auch noch etwas bei der Vorbereitung mitzuhelfen. Zu allererst allerdings durften wir den tollen und riesigen Platz der Hellenbach H\u00fctte bewundern, welche an einem alten Steinbruch gelegen ist. Hier mal ein paar Eindr\u00fccke:<\/p>\n<p><a href=\"https:\/\/heidenstammtisch-trier.de\/treverer\/wp-content\/uploads\/2017\/11\/2017-11-04-13.09.49.jpg\"><img loading=\"lazy\" decoding=\"async\" class=\"alignnone size-medium wp-image-786\" src=\"https:\/\/heidenstammtisch-trier.de\/treverer\/wp-content\/uploads\/2017\/11\/2017-11-04-13.09.49-300x169.jpg\" alt=\"\" width=\"300\" height=\"169\" \/><\/a> <a href=\"https:\/\/heidenstammtisch-trier.de\/treverer\/wp-content\/uploads\/2017\/11\/2017-11-04-13.12.24.jpg\"><img loading=\"lazy\" decoding=\"async\" class=\"alignnone size-medium wp-image-787\" src=\"https:\/\/heidenstammtisch-trier.de\/treverer\/wp-content\/uploads\/2017\/11\/2017-11-04-13.12.24-300x169.jpg\" alt=\"\" width=\"300\" height=\"169\" \/><\/a> <a href=\"https:\/\/heidenstammtisch-trier.de\/treverer\/wp-content\/uploads\/2017\/11\/2017-11-04-13.12.29.jpg\"><img loading=\"lazy\" decoding=\"async\" class=\"alignnone size-medium wp-image-788\" src=\"https:\/\/heidenstammtisch-trier.de\/treverer\/wp-content\/uploads\/2017\/11\/2017-11-04-13.12.29-300x169.jpg\" alt=\"\" width=\"300\" height=\"169\" \/><\/a> <a href=\"https:\/\/heidenstammtisch-trier.de\/treverer\/wp-content\/uploads\/2017\/11\/2017-11-04-13.16.12.jpg\"><img loading=\"lazy\" decoding=\"async\" class=\"alignnone size-medium wp-image-789\" src=\"https:\/\/heidenstammtisch-trier.de\/treverer\/wp-content\/uploads\/2017\/11\/2017-11-04-13.16.12-300x169.jpg\" alt=\"\" width=\"300\" height=\"169\" \/><\/a> <a href=\"https:\/\/heidenstammtisch-trier.de\/treverer\/wp-content\/uploads\/2017\/11\/2017-11-04-13.16.18.jpg\"><img loading=\"lazy\" decoding=\"async\" class=\"alignnone size-medium wp-image-790\" src=\"https:\/\/heidenstammtisch-trier.de\/treverer\/wp-content\/uploads\/2017\/11\/2017-11-04-13.16.18-300x169.jpg\" alt=\"\" width=\"300\" height=\"169\" \/><\/a> <a href=\"https:\/\/heidenstammtisch-trier.de\/treverer\/wp-content\/uploads\/2017\/11\/2017-11-04-13.16.25.jpg\"><img loading=\"lazy\" decoding=\"async\" class=\"alignnone size-medium wp-image-791\" src=\"https:\/\/heidenstammtisch-trier.de\/treverer\/wp-content\/uploads\/2017\/11\/2017-11-04-13.16.25-300x169.jpg\" alt=\"\" width=\"300\" height=\"169\" \/><\/a><\/p>\n<p>Aufgefallen ist uns auch dieser Stein, der an der gro\u00dfen Feuerstelle stand:<\/p>\n<p><a href=\"https:\/\/heidenstammtisch-trier.de\/treverer\/wp-content\/uploads\/2017\/11\/2017-11-04-13.31.00.jpg\"><img loading=\"lazy\" decoding=\"async\" class=\"alignnone size-medium wp-image-794\" src=\"https:\/\/heidenstammtisch-trier.de\/treverer\/wp-content\/uploads\/2017\/11\/2017-11-04-13.31.00-300x169.jpg\" alt=\"\" width=\"300\" height=\"169\" \/><\/a> <a href=\"https:\/\/heidenstammtisch-trier.de\/treverer\/wp-content\/uploads\/2017\/11\/2017-11-04-13.30.50.jpg\"><img loading=\"lazy\" decoding=\"async\" class=\"alignnone size-medium wp-image-793\" src=\"https:\/\/heidenstammtisch-trier.de\/treverer\/wp-content\/uploads\/2017\/11\/2017-11-04-13.30.50-300x169.jpg\" alt=\"\" width=\"300\" height=\"169\" \/><\/a> <a href=\"https:\/\/heidenstammtisch-trier.de\/treverer\/wp-content\/uploads\/2017\/11\/2017-11-04-13.30.46.jpg\"><img loading=\"lazy\" decoding=\"async\" class=\"alignnone size-medium wp-image-792\" src=\"https:\/\/heidenstammtisch-trier.de\/treverer\/wp-content\/uploads\/2017\/11\/2017-11-04-13.30.46-300x169.jpg\" alt=\"\" width=\"300\" height=\"169\" \/><\/a><\/p>\n<p>Das Wetter war trotz der Jahreszeit durchgehend stabil und angenehm. So nach und nach f\u00fcllte sich der Platz dann und es gab sehr viele Wiedersehen. Teilweise hatte man sich erst vor kurzem beim Eldathing oder in Berkum getroffen, es gab aber auch Wiedersehen die mehrere Jahre gedauert und mich sehr gefreut haben. Aber wie immer konnte man auch sehr viele Teilnehmer neu kennen lernen und schnell fand man \u00fcberall ins Gespr\u00e4ch. Insgesamt waren wir sch\u00e4tzungsweise etwa 30 Teilnehmer. Im Laufe der Zeit f\u00fcllte sich auch der Altar, da aus jeder Gruppe etwas beigetragen wurde.<\/p>\n<p><a href=\"https:\/\/heidenstammtisch-trier.de\/treverer\/wp-content\/uploads\/2017\/11\/2017-11-04-14.07.28.jpg\"><img loading=\"lazy\" decoding=\"async\" class=\"alignnone size-medium wp-image-795\" src=\"https:\/\/heidenstammtisch-trier.de\/treverer\/wp-content\/uploads\/2017\/11\/2017-11-04-14.07.28-300x169.jpg\" alt=\"\" width=\"300\" height=\"169\" \/><\/a> <a href=\"https:\/\/heidenstammtisch-trier.de\/treverer\/wp-content\/uploads\/2017\/11\/2017-11-04-17.04.14.jpg\"><img loading=\"lazy\" decoding=\"async\" class=\"alignnone size-medium wp-image-796\" src=\"https:\/\/heidenstammtisch-trier.de\/treverer\/wp-content\/uploads\/2017\/11\/2017-11-04-17.04.14-300x169.jpg\" alt=\"\" width=\"300\" height=\"169\" \/><\/a><\/p>\n<p>Als es dann anfing dunkel zu werden wurde zum Bl\u00f3t gerufen und wir versammelten uns um das Feuer.\u00a0 Andreas aus Frankfurt begann mit der Hammerweihe um den Kreis zu schlie\u00dfen.<\/p>\n<p>Es folgte das Neun Welten Lied, welches Nathalie, unsere Bl\u00f3tleiterin, vorsang und wir Zeile f\u00fcr Zeile nachsangen.<\/p>\n<p>Annika trug nun ein sehr sch\u00f6nes selbstgeschriebenes und bis dahin nie vorgetragenes Gedicht an die G\u00f6ttin Sif vor.<\/p>\n<p>Da das Winterbl\u00f3t neben dem Erntedank auch immer einen sehr starken Bezug zu den Ahnen hat, ja eigentlich das Ahnenbl\u00f3t schlechthin ist, wurden nun auch die Ahnen eingeladen und mit dem Ahnenlied geehrt.<\/p>\n<p>Andreas von Fafnirs Hort, der ja ein tolles Talent hat, immer den Bogen zu moderner Lyrik zu schlagen, wie er schon bei einigen Ritualen, bei denen ich die Ehre hatte dabei sein zu d\u00fcrfen, gezeigt hatte, trug jetzt passenderweise das Gedicht &#8222;Wenn enna dot is&#8220; von Kurt Tucholsky vor.<\/p>\n<p>Jetzt waren die Ahnen eingeladen und geehrt und wir konnten Speis und Trank mit ihnen teilen. Dazu wurden die Opferbrote rundgegeben. Man brach sich ein St\u00fcck ab und teilte mit G\u00f6ttern und Ahnen. Abgeschlossen wurde diese Opferung mit einer Sumbelrunde f\u00fcr die Ahnen.<\/p>\n<p><a href=\"https:\/\/heidenstammtisch-trier.de\/treverer\/wp-content\/uploads\/2017\/11\/2017-11-04-17.19.00.jpg\"><img loading=\"lazy\" decoding=\"async\" class=\"alignnone size-medium wp-image-798\" src=\"https:\/\/heidenstammtisch-trier.de\/treverer\/wp-content\/uploads\/2017\/11\/2017-11-04-17.19.00-300x169.jpg\" alt=\"\" width=\"300\" height=\"169\" \/><\/a> <a href=\"https:\/\/heidenstammtisch-trier.de\/treverer\/wp-content\/uploads\/2017\/11\/2017-11-04-18.59.57.jpg\"><img loading=\"lazy\" decoding=\"async\" class=\"alignnone size-medium wp-image-799\" src=\"https:\/\/heidenstammtisch-trier.de\/treverer\/wp-content\/uploads\/2017\/11\/2017-11-04-18.59.57-300x169.jpg\" alt=\"\" width=\"300\" height=\"169\" \/><\/a><\/p>\n<p>Nachdem sichergestellt war, dass alles gesagt war, was gesagt werden musste und alles geopfert war, was geopfert werden musste, wurde der Kreis wieder ge\u00f6ffnet und das Bl\u00f3t mit dem Lied &#8222;Die Regenfrau&#8220; beendet.<\/p>\n<p>Und wie das so \u00fcblich ist, wurde anschlie\u00dfend vereinzelt weiter gesumbelt oder man fand sich in geselligen Runden ein, w\u00e4hrend das Grillrost vorbereitet wurde.<\/p>\n<p>Im Laufe des sp\u00e4ten Abends wurde der Kreis dann immer kleiner und auch wir mussten schlie\u00dflich aufbrechen und die Heimreise antreten.<\/p>\n<p>Wir danken allen Organisatoren und Teilnehmern, vor allem Ines und Nathalie, die diese Veranstaltung m\u00f6glich gemacht haben! Es ist immer toll zu sehen, wie Engagement und Herzblut mit einer solch tollen und gelungenen Veranstaltung belohnt werden und wie weit und gut die Vernetzung zwischen den Gruppen und Stammtischen mittlerweile dank solch regelm\u00e4\u00dfiger M\u00fchen und Veranstaltungen funktioniert.<\/p>\n<h2 class=\"aphorism\"><\/h2>\n","protected":false},"excerpt":{"rendered":"<p>Am 04.11.2017 fand ein gemeinsames Winterbl\u00f3t in Heidelberg statt. Eingetroffen waren Vertreter der Gruppen und Stammtische aus Heidelberg und Mannheim (der Gastgeber Heidenstammtisch Rhein-Neckar und die Sippe Mannheim), Darmstadt (Heidenstammtisch Drei Eichen), Frankfurt (Fafnirs Hort), dem Saarland, sogar vom Eldaring-Stammtisch Ruhrgebiet und von uns, dem Heidenstammtisch Trier. Wir waren recht fr\u00fch da, um auch noch &hellip; <a href=\"https:\/\/heidenstammtisch-trier.de\/treverer\/2017\/11\/05\/winterblot-2017-in-heidelberg\/\" class=\"more-link\"><span class=\"screen-reader-text\">Winterbl\u00f3t 2017 in Heidelberg<\/span> weiterlesen <span class=\"meta-nav\">&rarr;<\/span><\/a><\/p>\n","protected":false},"author":1,"featured_media":796,"comment_status":"closed","ping_status":"open","sticky":false,"template":"","format":"standard","meta":{"footnotes":""},"categories":[2,8,9],"tags":[],"class_list":["post-801","post","type-post","status-publish","format-standard","has-post-thumbnail","hentry","category-blotberichte","category-unterwegs","category-veranstaltungen"],"_links":{"self":[{"href":"https:\/\/heidenstammtisch-trier.de\/treverer\/wp-json\/wp\/v2\/posts\/801","targetHints":{"allow":["GET"]}}],"collection":[{"href":"https:\/\/heidenstammtisch-trier.de\/treverer\/wp-json\/wp\/v2\/posts"}],"about":[{"href":"https:\/\/heidenstammtisch-trier.de\/treverer\/wp-json\/wp\/v2\/types\/post"}],"author":[{"embeddable":true,"href":"https:\/\/heidenstammtisch-trier.de\/treverer\/wp-json\/wp\/v2\/users\/1"}],"replies":[{"embeddable":true,"href":"https:\/\/heidenstammtisch-trier.de\/treverer\/wp-json\/wp\/v2\/comments?post=801"}],"version-history":[{"count":0,"href":"https:\/\/heidenstammtisch-trier.de\/treverer\/wp-json\/wp\/v2\/posts\/801\/revisions"}],"wp:featuredmedia":[{"embeddable":true,"href":"https:\/\/heidenstammtisch-trier.de\/treverer\/wp-json\/wp\/v2\/media\/796"}],"wp:attachment":[{"href":"https:\/\/heidenstammtisch-trier.de\/treverer\/wp-json\/wp\/v2\/media?parent=801"}],"wp:term":[{"taxonomy":"category","embeddable":true,"href":"https:\/\/heidenstammtisch-trier.de\/treverer\/wp-json\/wp\/v2\/categories?post=801"},{"taxonomy":"post_tag","embeddable":true,"href":"https:\/\/heidenstammtisch-trier.de\/treverer\/wp-json\/wp\/v2\/tags?post=801"}],"curies":[{"name":"wp","href":"https:\/\/api.w.org\/{rel}","templated":true}]}}