{"id":917,"date":"2018-05-11T13:12:48","date_gmt":"2018-05-11T12:12:48","guid":{"rendered":"https:\/\/heidenstammtisch-trier.de\/?p=917"},"modified":"2018-05-11T13:12:48","modified_gmt":"2018-05-11T12:12:48","slug":"das-herdfeuerlied-aufgeschrieben-und-illustriert-von-swawa","status":"publish","type":"post","link":"https:\/\/heidenstammtisch-trier.de\/treverer\/2018\/05\/11\/das-herdfeuerlied-aufgeschrieben-und-illustriert-von-swawa\/","title":{"rendered":"Das Herdfeuerlied aufgeschrieben und illustriert von Swawa"},"content":{"rendered":"<p style=\"text-align: center;\"><a href=\"https:\/\/heidenstammtisch-trier.de\/treverer\/wp-content\/uploads\/2018\/05\/Astrid-Herdfeuerlied.jpg\"><img loading=\"lazy\" decoding=\"async\" class=\"size-medium wp-image-918 aligncenter\" src=\"https:\/\/heidenstammtisch-trier.de\/treverer\/wp-content\/uploads\/2018\/05\/Astrid-Herdfeuerlied-300x300.jpg\" alt=\"\" width=\"300\" height=\"300\" \/><\/a>Bild und Gestaltung von Swawa<\/p>\n<p><a href=\"http:\/\/boudicca.de\/site\/de\/547-2\/\">Hier kann man es sich anh\u00f6ren!<\/a><\/p>\n<p><strong>Text und Musik<\/strong>: G\u00fcnter Stienecke, Ingmar Lauer &amp; Isa Jau\u00df<\/p>\n<p><strong>\u00a9 Copyright<\/strong>: G\u00fcnter Stienecke, Ingmar Lauer, Isa Jau\u00df<\/p>\n","protected":false},"excerpt":{"rendered":"<p>Bild und Gestaltung von Swawa Hier kann man es sich anh\u00f6ren! Text und Musik: G\u00fcnter Stienecke, Ingmar Lauer &amp; Isa Jau\u00df \u00a9 Copyright: G\u00fcnter Stienecke, Ingmar Lauer, Isa Jau\u00df<\/p>\n","protected":false},"author":1,"featured_media":918,"comment_status":"closed","ping_status":"open","sticky":false,"template":"","format":"standard","meta":{"footnotes":""},"categories":[7],"tags":[],"class_list":["post-917","post","type-post","status-publish","format-standard","has-post-thumbnail","hentry","category-unkategorisiert"],"_links":{"self":[{"href":"https:\/\/heidenstammtisch-trier.de\/treverer\/wp-json\/wp\/v2\/posts\/917","targetHints":{"allow":["GET"]}}],"collection":[{"href":"https:\/\/heidenstammtisch-trier.de\/treverer\/wp-json\/wp\/v2\/posts"}],"about":[{"href":"https:\/\/heidenstammtisch-trier.de\/treverer\/wp-json\/wp\/v2\/types\/post"}],"author":[{"embeddable":true,"href":"https:\/\/heidenstammtisch-trier.de\/treverer\/wp-json\/wp\/v2\/users\/1"}],"replies":[{"embeddable":true,"href":"https:\/\/heidenstammtisch-trier.de\/treverer\/wp-json\/wp\/v2\/comments?post=917"}],"version-history":[{"count":0,"href":"https:\/\/heidenstammtisch-trier.de\/treverer\/wp-json\/wp\/v2\/posts\/917\/revisions"}],"wp:featuredmedia":[{"embeddable":true,"href":"https:\/\/heidenstammtisch-trier.de\/treverer\/wp-json\/wp\/v2\/media\/918"}],"wp:attachment":[{"href":"https:\/\/heidenstammtisch-trier.de\/treverer\/wp-json\/wp\/v2\/media?parent=917"}],"wp:term":[{"taxonomy":"category","embeddable":true,"href":"https:\/\/heidenstammtisch-trier.de\/treverer\/wp-json\/wp\/v2\/categories?post=917"},{"taxonomy":"post_tag","embeddable":true,"href":"https:\/\/heidenstammtisch-trier.de\/treverer\/wp-json\/wp\/v2\/tags?post=917"}],"curies":[{"name":"wp","href":"https:\/\/api.w.org\/{rel}","templated":true}]}}